{"id":9082,"date":"2023-06-15T14:51:00","date_gmt":"2023-06-15T18:51:00","guid":{"rendered":"https:\/\/bc-cl.ca\/2023\/06\/decouvrez-des-auteurs-autochtones\/"},"modified":"2023-06-15T14:55:46","modified_gmt":"2023-06-15T18:55:46","slug":"decouvrez-des-auteurs-autochtones","status":"publish","type":"post","link":"https:\/\/bc-cl.ca\/fr\/decouvrez-des-auteurs-autochtones\/","title":{"rendered":"D\u00e9couvrez des auteurs autochtones"},"content":{"rendered":"\n<p>En juin, rejoignez-nous pour c\u00e9l\u00e9brer le Mois national de l&rsquo;histoire autochtone en explorant les r\u00e9cits autochtones. La biblioth\u00e8que pr\u00e9sente actuellement sa collection de livres \u00e9crits par des auteurs des Premi\u00e8res nations. Nous vous encourageons \u00e0 passer nous voir pour d\u00e9couvrir la beaut\u00e9, les luttes et les triomphes des Premi\u00e8res nations, des Inuits et des M\u00e9tis du Canada.<\/p>\n\n\n\n<p>Le roman Ligne bris\u00e9e de Katherena Vermette, publi\u00e9 dans le cadre de l&rsquo;enqu\u00eate nationale sur les femmes et les filles autochtones disparues et assassin\u00e9es, traite de la gu\u00e9rison de la violence du point de vue de dix personnages diff\u00e9rents. Cheval Indien, de Richard Wagnamese, vous emm\u00e8ne dans les souvenirs d&rsquo;un homme mourant qui se rem\u00e9more sa vie en Ontario, depuis ses exp\u00e9riences dans les pensionnats jusqu&rsquo;\u00e0 son succ\u00e8s en tant que joueur de hockey. Thumps Dreadwater, le d\u00e9tective r\u00e9ticent de Thomas King, satisfera ceux qui recherchent une bonne s\u00e9rie polici\u00e8re. Tiohti\u00e1:ke raconte l&rsquo;histoire d&rsquo;un homme innu qui est banni de sa communaut\u00e9 et se rend \u00e0 Montr\u00e9al pour tenter de reconstruire sa vie.<\/p>\n\n\n\n<p>Nous esp\u00e9rons que ces livres et d&rsquo;autres permettront de mieux comprendre les d\u00e9fis et les triomphes de ces communaut\u00e9s et de mieux appr\u00e9cier leurs contributions \u00e0 notre nation. La Biblioth\u00e8que Champlain s&rsquo;engage \u00e0 promouvoir l&rsquo;inclusion. Nous invitons tout le monde \u00e0 venir trouver son nouveau conteur pr\u00e9f\u00e9r\u00e9.<\/p>\n","protected":false},"excerpt":{"rendered":"<p>En juin, rejoignez-nous pour c\u00e9l\u00e9brer le Mois national de l&rsquo;histoire autochtone en explorant les r\u00e9cits autochtones. La biblioth\u00e8que pr\u00e9sente actuellement sa collection de livres \u00e9crits par des auteurs des Premi\u00e8res [&hellip;]<\/p>\n","protected":false},"author":10,"featured_media":9086,"comment_status":"closed","ping_status":"open","sticky":false,"template":"","format":"standard","meta":{"_acf_changed":false,"_et_pb_use_builder":"off","_et_pb_old_content":"","_et_gb_content_width":"","footnotes":""},"categories":[2],"tags":[],"class_list":["post-9082","post","type-post","status-publish","format-standard","has-post-thumbnail","hentry","category-non-classifiee"],"acf":[],"yoast_head":"<!-- This site is optimized with the Yoast SEO plugin v27.4 - https:\/\/yoast.com\/product\/yoast-seo-wordpress\/ -->\n<title>D\u00e9couvrez des auteurs autochtones - Biblioth\u00e8que Champlain<\/title>\n<meta name=\"robots\" content=\"index, follow, max-snippet:-1, max-image-preview:large, max-video-preview:-1\" \/>\n<link rel=\"canonical\" href=\"https:\/\/bc-cl.ca\/fr\/decouvrez-des-auteurs-autochtones\/\" \/>\n<meta property=\"og:locale\" content=\"fr_FR\" \/>\n<meta property=\"og:type\" content=\"article\" \/>\n<meta property=\"og:title\" content=\"D\u00e9couvrez des auteurs autochtones - Biblioth\u00e8que Champlain\" \/>\n<meta property=\"og:description\" content=\"En juin, rejoignez-nous pour c\u00e9l\u00e9brer le Mois national de l&rsquo;histoire autochtone en explorant les r\u00e9cits autochtones. La biblioth\u00e8que pr\u00e9sente actuellement sa collection de livres \u00e9crits par des auteurs des Premi\u00e8res [&hellip;]\" \/>\n<meta property=\"og:url\" content=\"https:\/\/bc-cl.ca\/fr\/decouvrez-des-auteurs-autochtones\/\" \/>\n<meta property=\"og:site_name\" content=\"Biblioth\u00e8que Champlain\" \/>\n<meta property=\"article:published_time\" content=\"2023-06-15T18:51:00+00:00\" \/>\n<meta property=\"article:modified_time\" content=\"2023-06-15T18:55:46+00:00\" \/>\n<meta property=\"og:image\" content=\"https:\/\/bc-cl.ca\/wp-content\/uploads\/2023\/06\/Indigenous-History-Month-French-Small-scaled.jpg\" \/>\n\t<meta property=\"og:image:width\" content=\"2560\" \/>\n\t<meta property=\"og:image:height\" content=\"1920\" \/>\n\t<meta property=\"og:image:type\" content=\"image\/jpeg\" \/>\n<meta name=\"author\" content=\"Champlain Library\" \/>\n<meta name=\"twitter:card\" content=\"summary_large_image\" \/>\n<meta name=\"twitter:label1\" content=\"\u00c9crit par\" \/>\n\t<meta name=\"twitter:data1\" content=\"Champlain Library\" \/>\n\t<meta name=\"twitter:label2\" content=\"Dur\u00e9e de lecture estim\u00e9e\" \/>\n\t<meta name=\"twitter:data2\" content=\"1 minute\" \/>\n<script type=\"application\/ld+json\" class=\"yoast-schema-graph\">{\"@context\":\"https:\\\/\\\/schema.org\",\"@graph\":[{\"@type\":\"Article\",\"@id\":\"https:\\\/\\\/bc-cl.ca\\\/fr\\\/decouvrez-des-auteurs-autochtones\\\/#article\",\"isPartOf\":{\"@id\":\"https:\\\/\\\/bc-cl.ca\\\/fr\\\/decouvrez-des-auteurs-autochtones\\\/\"},\"author\":{\"name\":\"Champlain Library\",\"@id\":\"https:\\\/\\\/bc-cl.ca\\\/fr\\\/#\\\/schema\\\/person\\\/4778f41dbf2edbbd5e0493829b0c6f36\"},\"headline\":\"D\u00e9couvrez des auteurs autochtones\",\"datePublished\":\"2023-06-15T18:51:00+00:00\",\"dateModified\":\"2023-06-15T18:55:46+00:00\",\"mainEntityOfPage\":{\"@id\":\"https:\\\/\\\/bc-cl.ca\\\/fr\\\/decouvrez-des-auteurs-autochtones\\\/\"},\"wordCount\":256,\"image\":{\"@id\":\"https:\\\/\\\/bc-cl.ca\\\/fr\\\/decouvrez-des-auteurs-autochtones\\\/#primaryimage\"},\"thumbnailUrl\":\"https:\\\/\\\/bc-cl.ca\\\/wp-content\\\/uploads\\\/2023\\\/06\\\/Indigenous-History-Month-French-Small-scaled.jpg\",\"articleSection\":[\"Non classifi\u00e9(e)\"],\"inLanguage\":\"fr-FR\"},{\"@type\":\"WebPage\",\"@id\":\"https:\\\/\\\/bc-cl.ca\\\/fr\\\/decouvrez-des-auteurs-autochtones\\\/\",\"url\":\"https:\\\/\\\/bc-cl.ca\\\/fr\\\/decouvrez-des-auteurs-autochtones\\\/\",\"name\":\"D\u00e9couvrez des auteurs autochtones - Biblioth\u00e8que Champlain\",\"isPartOf\":{\"@id\":\"https:\\\/\\\/bc-cl.ca\\\/fr\\\/#website\"},\"primaryImageOfPage\":{\"@id\":\"https:\\\/\\\/bc-cl.ca\\\/fr\\\/decouvrez-des-auteurs-autochtones\\\/#primaryimage\"},\"image\":{\"@id\":\"https:\\\/\\\/bc-cl.ca\\\/fr\\\/decouvrez-des-auteurs-autochtones\\\/#primaryimage\"},\"thumbnailUrl\":\"https:\\\/\\\/bc-cl.ca\\\/wp-content\\\/uploads\\\/2023\\\/06\\\/Indigenous-History-Month-French-Small-scaled.jpg\",\"datePublished\":\"2023-06-15T18:51:00+00:00\",\"dateModified\":\"2023-06-15T18:55:46+00:00\",\"author\":{\"@id\":\"https:\\\/\\\/bc-cl.ca\\\/fr\\\/#\\\/schema\\\/person\\\/4778f41dbf2edbbd5e0493829b0c6f36\"},\"breadcrumb\":{\"@id\":\"https:\\\/\\\/bc-cl.ca\\\/fr\\\/decouvrez-des-auteurs-autochtones\\\/#breadcrumb\"},\"inLanguage\":\"fr-FR\",\"potentialAction\":[{\"@type\":\"ReadAction\",\"target\":[\"https:\\\/\\\/bc-cl.ca\\\/fr\\\/decouvrez-des-auteurs-autochtones\\\/\"]}]},{\"@type\":\"ImageObject\",\"inLanguage\":\"fr-FR\",\"@id\":\"https:\\\/\\\/bc-cl.ca\\\/fr\\\/decouvrez-des-auteurs-autochtones\\\/#primaryimage\",\"url\":\"https:\\\/\\\/bc-cl.ca\\\/wp-content\\\/uploads\\\/2023\\\/06\\\/Indigenous-History-Month-French-Small-scaled.jpg\",\"contentUrl\":\"https:\\\/\\\/bc-cl.ca\\\/wp-content\\\/uploads\\\/2023\\\/06\\\/Indigenous-History-Month-French-Small-scaled.jpg\",\"width\":2560,\"height\":1920,\"caption\":\"Livres sur une table dans la biblioth\u00e8que\"},{\"@type\":\"BreadcrumbList\",\"@id\":\"https:\\\/\\\/bc-cl.ca\\\/fr\\\/decouvrez-des-auteurs-autochtones\\\/#breadcrumb\",\"itemListElement\":[{\"@type\":\"ListItem\",\"position\":1,\"name\":\"Home\",\"item\":\"https:\\\/\\\/bc-cl.ca\\\/fr\\\/\"},{\"@type\":\"ListItem\",\"position\":2,\"name\":\"D\u00e9couvrez des auteurs autochtones\"}]},{\"@type\":\"WebSite\",\"@id\":\"https:\\\/\\\/bc-cl.ca\\\/fr\\\/#website\",\"url\":\"https:\\\/\\\/bc-cl.ca\\\/fr\\\/\",\"name\":\"Biblioth\u00e8que Champlain\",\"description\":\"Encourager la joie de lire et l'apprentissage tout au long de la vie.\",\"potentialAction\":[{\"@type\":\"SearchAction\",\"target\":{\"@type\":\"EntryPoint\",\"urlTemplate\":\"https:\\\/\\\/bc-cl.ca\\\/fr\\\/?s={search_term_string}\"},\"query-input\":{\"@type\":\"PropertyValueSpecification\",\"valueRequired\":true,\"valueName\":\"search_term_string\"}}],\"inLanguage\":\"fr-FR\"},{\"@type\":\"Person\",\"@id\":\"https:\\\/\\\/bc-cl.ca\\\/fr\\\/#\\\/schema\\\/person\\\/4778f41dbf2edbbd5e0493829b0c6f36\",\"name\":\"Champlain Library\",\"image\":{\"@type\":\"ImageObject\",\"inLanguage\":\"fr-FR\",\"@id\":\"https:\\\/\\\/secure.gravatar.com\\\/avatar\\\/ba08c52c7cfff82ae2580abe419bee4cb61526796ab3299186aacafc4789e9c4?s=96&d=mm&r=g\",\"url\":\"https:\\\/\\\/secure.gravatar.com\\\/avatar\\\/ba08c52c7cfff82ae2580abe419bee4cb61526796ab3299186aacafc4789e9c4?s=96&d=mm&r=g\",\"contentUrl\":\"https:\\\/\\\/secure.gravatar.com\\\/avatar\\\/ba08c52c7cfff82ae2580abe419bee4cb61526796ab3299186aacafc4789e9c4?s=96&d=mm&r=g\",\"caption\":\"Champlain Library\"},\"sameAs\":[\"https:\\\/\\\/bc-cl.ca\"],\"url\":\"https:\\\/\\\/bc-cl.ca\\\/fr\\\/author\\\/mike\\\/\"}]}<\/script>\n<!-- \/ Yoast SEO plugin. -->","yoast_head_json":{"title":"D\u00e9couvrez des auteurs autochtones - Biblioth\u00e8que Champlain","robots":{"index":"index","follow":"follow","max-snippet":"max-snippet:-1","max-image-preview":"max-image-preview:large","max-video-preview":"max-video-preview:-1"},"canonical":"https:\/\/bc-cl.ca\/fr\/decouvrez-des-auteurs-autochtones\/","og_locale":"fr_FR","og_type":"article","og_title":"D\u00e9couvrez des auteurs autochtones - Biblioth\u00e8que Champlain","og_description":"En juin, rejoignez-nous pour c\u00e9l\u00e9brer le Mois national de l&rsquo;histoire autochtone en explorant les r\u00e9cits autochtones. La biblioth\u00e8que pr\u00e9sente actuellement sa collection de livres \u00e9crits par des auteurs des Premi\u00e8res [&hellip;]","og_url":"https:\/\/bc-cl.ca\/fr\/decouvrez-des-auteurs-autochtones\/","og_site_name":"Biblioth\u00e8que Champlain","article_published_time":"2023-06-15T18:51:00+00:00","article_modified_time":"2023-06-15T18:55:46+00:00","og_image":[{"width":2560,"height":1920,"url":"https:\/\/bc-cl.ca\/wp-content\/uploads\/2023\/06\/Indigenous-History-Month-French-Small-scaled.jpg","type":"image\/jpeg"}],"author":"Champlain Library","twitter_card":"summary_large_image","twitter_misc":{"\u00c9crit par":"Champlain Library","Dur\u00e9e de lecture estim\u00e9e":"1 minute"},"schema":{"@context":"https:\/\/schema.org","@graph":[{"@type":"Article","@id":"https:\/\/bc-cl.ca\/fr\/decouvrez-des-auteurs-autochtones\/#article","isPartOf":{"@id":"https:\/\/bc-cl.ca\/fr\/decouvrez-des-auteurs-autochtones\/"},"author":{"name":"Champlain Library","@id":"https:\/\/bc-cl.ca\/fr\/#\/schema\/person\/4778f41dbf2edbbd5e0493829b0c6f36"},"headline":"D\u00e9couvrez des auteurs autochtones","datePublished":"2023-06-15T18:51:00+00:00","dateModified":"2023-06-15T18:55:46+00:00","mainEntityOfPage":{"@id":"https:\/\/bc-cl.ca\/fr\/decouvrez-des-auteurs-autochtones\/"},"wordCount":256,"image":{"@id":"https:\/\/bc-cl.ca\/fr\/decouvrez-des-auteurs-autochtones\/#primaryimage"},"thumbnailUrl":"https:\/\/bc-cl.ca\/wp-content\/uploads\/2023\/06\/Indigenous-History-Month-French-Small-scaled.jpg","articleSection":["Non classifi\u00e9(e)"],"inLanguage":"fr-FR"},{"@type":"WebPage","@id":"https:\/\/bc-cl.ca\/fr\/decouvrez-des-auteurs-autochtones\/","url":"https:\/\/bc-cl.ca\/fr\/decouvrez-des-auteurs-autochtones\/","name":"D\u00e9couvrez des auteurs autochtones - Biblioth\u00e8que Champlain","isPartOf":{"@id":"https:\/\/bc-cl.ca\/fr\/#website"},"primaryImageOfPage":{"@id":"https:\/\/bc-cl.ca\/fr\/decouvrez-des-auteurs-autochtones\/#primaryimage"},"image":{"@id":"https:\/\/bc-cl.ca\/fr\/decouvrez-des-auteurs-autochtones\/#primaryimage"},"thumbnailUrl":"https:\/\/bc-cl.ca\/wp-content\/uploads\/2023\/06\/Indigenous-History-Month-French-Small-scaled.jpg","datePublished":"2023-06-15T18:51:00+00:00","dateModified":"2023-06-15T18:55:46+00:00","author":{"@id":"https:\/\/bc-cl.ca\/fr\/#\/schema\/person\/4778f41dbf2edbbd5e0493829b0c6f36"},"breadcrumb":{"@id":"https:\/\/bc-cl.ca\/fr\/decouvrez-des-auteurs-autochtones\/#breadcrumb"},"inLanguage":"fr-FR","potentialAction":[{"@type":"ReadAction","target":["https:\/\/bc-cl.ca\/fr\/decouvrez-des-auteurs-autochtones\/"]}]},{"@type":"ImageObject","inLanguage":"fr-FR","@id":"https:\/\/bc-cl.ca\/fr\/decouvrez-des-auteurs-autochtones\/#primaryimage","url":"https:\/\/bc-cl.ca\/wp-content\/uploads\/2023\/06\/Indigenous-History-Month-French-Small-scaled.jpg","contentUrl":"https:\/\/bc-cl.ca\/wp-content\/uploads\/2023\/06\/Indigenous-History-Month-French-Small-scaled.jpg","width":2560,"height":1920,"caption":"Livres sur une table dans la biblioth\u00e8que"},{"@type":"BreadcrumbList","@id":"https:\/\/bc-cl.ca\/fr\/decouvrez-des-auteurs-autochtones\/#breadcrumb","itemListElement":[{"@type":"ListItem","position":1,"name":"Home","item":"https:\/\/bc-cl.ca\/fr\/"},{"@type":"ListItem","position":2,"name":"D\u00e9couvrez des auteurs autochtones"}]},{"@type":"WebSite","@id":"https:\/\/bc-cl.ca\/fr\/#website","url":"https:\/\/bc-cl.ca\/fr\/","name":"Biblioth\u00e8que Champlain","description":"Encourager la joie de lire et l'apprentissage tout au long de la vie.","potentialAction":[{"@type":"SearchAction","target":{"@type":"EntryPoint","urlTemplate":"https:\/\/bc-cl.ca\/fr\/?s={search_term_string}"},"query-input":{"@type":"PropertyValueSpecification","valueRequired":true,"valueName":"search_term_string"}}],"inLanguage":"fr-FR"},{"@type":"Person","@id":"https:\/\/bc-cl.ca\/fr\/#\/schema\/person\/4778f41dbf2edbbd5e0493829b0c6f36","name":"Champlain Library","image":{"@type":"ImageObject","inLanguage":"fr-FR","@id":"https:\/\/secure.gravatar.com\/avatar\/ba08c52c7cfff82ae2580abe419bee4cb61526796ab3299186aacafc4789e9c4?s=96&d=mm&r=g","url":"https:\/\/secure.gravatar.com\/avatar\/ba08c52c7cfff82ae2580abe419bee4cb61526796ab3299186aacafc4789e9c4?s=96&d=mm&r=g","contentUrl":"https:\/\/secure.gravatar.com\/avatar\/ba08c52c7cfff82ae2580abe419bee4cb61526796ab3299186aacafc4789e9c4?s=96&d=mm&r=g","caption":"Champlain Library"},"sameAs":["https:\/\/bc-cl.ca"],"url":"https:\/\/bc-cl.ca\/fr\/author\/mike\/"}]}},"_links":{"self":[{"href":"https:\/\/bc-cl.ca\/fr\/wp-json\/wp\/v2\/posts\/9082","targetHints":{"allow":["GET"]}}],"collection":[{"href":"https:\/\/bc-cl.ca\/fr\/wp-json\/wp\/v2\/posts"}],"about":[{"href":"https:\/\/bc-cl.ca\/fr\/wp-json\/wp\/v2\/types\/post"}],"author":[{"embeddable":true,"href":"https:\/\/bc-cl.ca\/fr\/wp-json\/wp\/v2\/users\/10"}],"replies":[{"embeddable":true,"href":"https:\/\/bc-cl.ca\/fr\/wp-json\/wp\/v2\/comments?post=9082"}],"version-history":[{"count":0,"href":"https:\/\/bc-cl.ca\/fr\/wp-json\/wp\/v2\/posts\/9082\/revisions"}],"wp:featuredmedia":[{"embeddable":true,"href":"https:\/\/bc-cl.ca\/fr\/wp-json\/wp\/v2\/media\/9086"}],"wp:attachment":[{"href":"https:\/\/bc-cl.ca\/fr\/wp-json\/wp\/v2\/media?parent=9082"}],"wp:term":[{"taxonomy":"category","embeddable":true,"href":"https:\/\/bc-cl.ca\/fr\/wp-json\/wp\/v2\/categories?post=9082"},{"taxonomy":"post_tag","embeddable":true,"href":"https:\/\/bc-cl.ca\/fr\/wp-json\/wp\/v2\/tags?post=9082"}],"curies":[{"name":"wp","href":"https:\/\/api.w.org\/{rel}","templated":true}]}}