{"id":7764,"date":"2023-02-01T11:29:10","date_gmt":"2023-02-01T16:29:10","guid":{"rendered":"https:\/\/bc-cl.ca\/2023\/02\/call-of-the-forest\/"},"modified":"2023-02-01T11:32:16","modified_gmt":"2023-02-01T16:32:16","slug":"call-of-the-forest","status":"publish","type":"post","link":"https:\/\/bc-cl.ca\/fr\/call-of-the-forest\/","title":{"rendered":"Call of the Forest"},"content":{"rendered":"\n<p>Call of the Forest: The Forgotten Wisdom of Trees<\/p>\n\n<p><p>Une projection du film et une discussion de groupe bilingue de <strong>Call of the Forest<\/strong> auront lieu au Creating Centre de Cr\u00e9ativit\u00e9 au 13, route 34, \u00e0 Vankleek Hill. Le film sera pr\u00e9sent\u00e9 en anglais sous-titr\u00e9 en fran\u00e7ais. La soir\u00e9e, qui vous est offerte par la <strong>Biblioth\u00e8que Champlain<\/strong> en partenariat avec <strong>Eco East<\/strong>, <strong>Bois\u00e9s Est<\/strong> et le <strong>Creating Centre de Creativit\u00e9<\/strong>, d\u00e9butera \u00e0 18 h 30 le jeudi 23\u00a0f\u00e9vrier. L\u2019entr\u00e9e est gratuite, mais les dons sont tr\u00e8s appr\u00e9ci\u00e9s. Les places sont limit\u00e9es. L\u2019inscription est n\u00e9cessaire \u00e0 <a href=\"https:\/\/docs.google.com\/forms\/d\/e\/1FAIpQLSeKHuyDDZsWDmFtDhpnS1UM5qGQrO-Kb1NYGKKWZefB_d_5Hw\/viewform\">Call of the Forest Inscription<\/a>.<\/p><\/p>\n\n<p>Dans Call of the Forest, nous suivons Diana Beresford-Kroeger, scientifique visionnaire, conservationniste et auteure, dans son voyage vers les plus belles for\u00eats de l\u2019h\u00e9misph\u00e8re nord. Des for\u00eats sacr\u00e9es de sugi et de c\u00e8dres du Japon, du bois de Raheen d\u2019Irlande, des noyers et des s\u00e9quoias d\u2019Am\u00e9rique, \u00e0 la grande for\u00eat bor\u00e9ale du Canada, Beresford-Kroeger nous raconte les histoires \u00e9tonnantes de l\u2019histoire et de l\u2019h\u00e9ritage de ces for\u00eats anciennes tout en expliquant la science des arbres et le r\u00f4le irrempla\u00e7able qu\u2019ils jouent dans la protection et l\u2019alimentation de la plan\u00e8te.\u00a0<\/p>\n","protected":false},"excerpt":{"rendered":"<p>Call of the Forest: The Forgotten Wisdom of Trees Une projection du film et une discussion de groupe bilingue de Call of the Forest auront lieu au Creating Centre de [&hellip;]<\/p>\n","protected":false},"author":1,"featured_media":7755,"comment_status":"closed","ping_status":"open","sticky":false,"template":"","format":"standard","meta":{"_acf_changed":false,"_et_pb_use_builder":"off","_et_pb_old_content":"","_et_gb_content_width":"","footnotes":""},"categories":[2],"tags":[],"class_list":["post-7764","post","type-post","status-publish","format-standard","has-post-thumbnail","hentry","category-non-classifiee"],"acf":[],"yoast_head":"<!-- This site is optimized with the Yoast SEO plugin v27.4 - https:\/\/yoast.com\/product\/yoast-seo-wordpress\/ -->\n<title>Call of the Forest - Biblioth\u00e8que Champlain<\/title>\n<meta name=\"robots\" content=\"index, follow, max-snippet:-1, max-image-preview:large, max-video-preview:-1\" \/>\n<link rel=\"canonical\" href=\"https:\/\/bc-cl.ca\/fr\/call-of-the-forest\/\" \/>\n<meta property=\"og:locale\" content=\"fr_FR\" \/>\n<meta property=\"og:type\" content=\"article\" \/>\n<meta property=\"og:title\" content=\"Call of the Forest - Biblioth\u00e8que Champlain\" \/>\n<meta property=\"og:description\" content=\"Call of the Forest: The Forgotten Wisdom of Trees Une projection du film et une discussion de groupe bilingue de Call of the Forest auront lieu au Creating Centre de [&hellip;]\" \/>\n<meta property=\"og:url\" content=\"https:\/\/bc-cl.ca\/fr\/call-of-the-forest\/\" \/>\n<meta property=\"og:site_name\" content=\"Biblioth\u00e8que Champlain\" \/>\n<meta property=\"article:published_time\" content=\"2023-02-01T16:29:10+00:00\" \/>\n<meta property=\"article:modified_time\" content=\"2023-02-01T16:32:16+00:00\" \/>\n<meta property=\"og:image\" content=\"https:\/\/bc-cl.ca\/wp-content\/uploads\/2023\/01\/Call-of-the-Forest2.jpg\" \/>\n\t<meta property=\"og:image:width\" content=\"406\" \/>\n\t<meta property=\"og:image:height\" content=\"234\" \/>\n\t<meta property=\"og:image:type\" content=\"image\/jpeg\" \/>\n<meta name=\"author\" content=\"champlainlib\" \/>\n<meta name=\"twitter:card\" content=\"summary_large_image\" \/>\n<meta name=\"twitter:label1\" content=\"\u00c9crit par\" \/>\n\t<meta name=\"twitter:data1\" content=\"champlainlib\" \/>\n\t<meta name=\"twitter:label2\" content=\"Dur\u00e9e de lecture estim\u00e9e\" \/>\n\t<meta name=\"twitter:data2\" content=\"1 minute\" \/>\n<script type=\"application\/ld+json\" class=\"yoast-schema-graph\">{\"@context\":\"https:\\\/\\\/schema.org\",\"@graph\":[{\"@type\":\"Article\",\"@id\":\"https:\\\/\\\/bc-cl.ca\\\/fr\\\/call-of-the-forest\\\/#article\",\"isPartOf\":{\"@id\":\"https:\\\/\\\/bc-cl.ca\\\/fr\\\/call-of-the-forest\\\/\"},\"author\":{\"name\":\"champlainlib\",\"@id\":\"https:\\\/\\\/bc-cl.ca\\\/fr\\\/#\\\/schema\\\/person\\\/dea3e8eaa9c293cb56f1ae615362367c\"},\"headline\":\"Call of the Forest\",\"datePublished\":\"2023-02-01T16:29:10+00:00\",\"dateModified\":\"2023-02-01T16:32:16+00:00\",\"mainEntityOfPage\":{\"@id\":\"https:\\\/\\\/bc-cl.ca\\\/fr\\\/call-of-the-forest\\\/\"},\"wordCount\":223,\"image\":{\"@id\":\"https:\\\/\\\/bc-cl.ca\\\/fr\\\/call-of-the-forest\\\/#primaryimage\"},\"thumbnailUrl\":\"https:\\\/\\\/bc-cl.ca\\\/wp-content\\\/uploads\\\/2023\\\/01\\\/Call-of-the-Forest2.jpg\",\"articleSection\":[\"Non classifi\u00e9(e)\"],\"inLanguage\":\"fr-FR\"},{\"@type\":\"WebPage\",\"@id\":\"https:\\\/\\\/bc-cl.ca\\\/fr\\\/call-of-the-forest\\\/\",\"url\":\"https:\\\/\\\/bc-cl.ca\\\/fr\\\/call-of-the-forest\\\/\",\"name\":\"Call of the Forest - Biblioth\u00e8que Champlain\",\"isPartOf\":{\"@id\":\"https:\\\/\\\/bc-cl.ca\\\/fr\\\/#website\"},\"primaryImageOfPage\":{\"@id\":\"https:\\\/\\\/bc-cl.ca\\\/fr\\\/call-of-the-forest\\\/#primaryimage\"},\"image\":{\"@id\":\"https:\\\/\\\/bc-cl.ca\\\/fr\\\/call-of-the-forest\\\/#primaryimage\"},\"thumbnailUrl\":\"https:\\\/\\\/bc-cl.ca\\\/wp-content\\\/uploads\\\/2023\\\/01\\\/Call-of-the-Forest2.jpg\",\"datePublished\":\"2023-02-01T16:29:10+00:00\",\"dateModified\":\"2023-02-01T16:32:16+00:00\",\"author\":{\"@id\":\"https:\\\/\\\/bc-cl.ca\\\/fr\\\/#\\\/schema\\\/person\\\/dea3e8eaa9c293cb56f1ae615362367c\"},\"breadcrumb\":{\"@id\":\"https:\\\/\\\/bc-cl.ca\\\/fr\\\/call-of-the-forest\\\/#breadcrumb\"},\"inLanguage\":\"fr-FR\",\"potentialAction\":[{\"@type\":\"ReadAction\",\"target\":[\"https:\\\/\\\/bc-cl.ca\\\/fr\\\/call-of-the-forest\\\/\"]}]},{\"@type\":\"ImageObject\",\"inLanguage\":\"fr-FR\",\"@id\":\"https:\\\/\\\/bc-cl.ca\\\/fr\\\/call-of-the-forest\\\/#primaryimage\",\"url\":\"https:\\\/\\\/bc-cl.ca\\\/wp-content\\\/uploads\\\/2023\\\/01\\\/Call-of-the-Forest2.jpg\",\"contentUrl\":\"https:\\\/\\\/bc-cl.ca\\\/wp-content\\\/uploads\\\/2023\\\/01\\\/Call-of-the-Forest2.jpg\",\"width\":406,\"height\":234},{\"@type\":\"BreadcrumbList\",\"@id\":\"https:\\\/\\\/bc-cl.ca\\\/fr\\\/call-of-the-forest\\\/#breadcrumb\",\"itemListElement\":[{\"@type\":\"ListItem\",\"position\":1,\"name\":\"Home\",\"item\":\"https:\\\/\\\/bc-cl.ca\\\/fr\\\/\"},{\"@type\":\"ListItem\",\"position\":2,\"name\":\"Call of the Forest\"}]},{\"@type\":\"WebSite\",\"@id\":\"https:\\\/\\\/bc-cl.ca\\\/fr\\\/#website\",\"url\":\"https:\\\/\\\/bc-cl.ca\\\/fr\\\/\",\"name\":\"Biblioth\u00e8que Champlain\",\"description\":\"Encourager la joie de lire et l'apprentissage tout au long de la vie.\",\"potentialAction\":[{\"@type\":\"SearchAction\",\"target\":{\"@type\":\"EntryPoint\",\"urlTemplate\":\"https:\\\/\\\/bc-cl.ca\\\/fr\\\/?s={search_term_string}\"},\"query-input\":{\"@type\":\"PropertyValueSpecification\",\"valueRequired\":true,\"valueName\":\"search_term_string\"}}],\"inLanguage\":\"fr-FR\"},{\"@type\":\"Person\",\"@id\":\"https:\\\/\\\/bc-cl.ca\\\/fr\\\/#\\\/schema\\\/person\\\/dea3e8eaa9c293cb56f1ae615362367c\",\"name\":\"champlainlib\",\"image\":{\"@type\":\"ImageObject\",\"inLanguage\":\"fr-FR\",\"@id\":\"https:\\\/\\\/secure.gravatar.com\\\/avatar\\\/b9e94cd9071dbe6cdadd455629af9a8cceb2b61274e4c60cb4a40fe52d2ca582?s=96&d=mm&r=g\",\"url\":\"https:\\\/\\\/secure.gravatar.com\\\/avatar\\\/b9e94cd9071dbe6cdadd455629af9a8cceb2b61274e4c60cb4a40fe52d2ca582?s=96&d=mm&r=g\",\"contentUrl\":\"https:\\\/\\\/secure.gravatar.com\\\/avatar\\\/b9e94cd9071dbe6cdadd455629af9a8cceb2b61274e4c60cb4a40fe52d2ca582?s=96&d=mm&r=g\",\"caption\":\"champlainlib\"},\"sameAs\":[\"https:\\\/\\\/bc-cl.ca\"],\"url\":\"https:\\\/\\\/bc-cl.ca\\\/fr\\\/author\\\/champlainlib\\\/\"}]}<\/script>\n<!-- \/ Yoast SEO plugin. -->","yoast_head_json":{"title":"Call of the Forest - Biblioth\u00e8que Champlain","robots":{"index":"index","follow":"follow","max-snippet":"max-snippet:-1","max-image-preview":"max-image-preview:large","max-video-preview":"max-video-preview:-1"},"canonical":"https:\/\/bc-cl.ca\/fr\/call-of-the-forest\/","og_locale":"fr_FR","og_type":"article","og_title":"Call of the Forest - Biblioth\u00e8que Champlain","og_description":"Call of the Forest: The Forgotten Wisdom of Trees Une projection du film et une discussion de groupe bilingue de Call of the Forest auront lieu au Creating Centre de [&hellip;]","og_url":"https:\/\/bc-cl.ca\/fr\/call-of-the-forest\/","og_site_name":"Biblioth\u00e8que Champlain","article_published_time":"2023-02-01T16:29:10+00:00","article_modified_time":"2023-02-01T16:32:16+00:00","og_image":[{"width":406,"height":234,"url":"https:\/\/bc-cl.ca\/wp-content\/uploads\/2023\/01\/Call-of-the-Forest2.jpg","type":"image\/jpeg"}],"author":"champlainlib","twitter_card":"summary_large_image","twitter_misc":{"\u00c9crit par":"champlainlib","Dur\u00e9e de lecture estim\u00e9e":"1 minute"},"schema":{"@context":"https:\/\/schema.org","@graph":[{"@type":"Article","@id":"https:\/\/bc-cl.ca\/fr\/call-of-the-forest\/#article","isPartOf":{"@id":"https:\/\/bc-cl.ca\/fr\/call-of-the-forest\/"},"author":{"name":"champlainlib","@id":"https:\/\/bc-cl.ca\/fr\/#\/schema\/person\/dea3e8eaa9c293cb56f1ae615362367c"},"headline":"Call of the Forest","datePublished":"2023-02-01T16:29:10+00:00","dateModified":"2023-02-01T16:32:16+00:00","mainEntityOfPage":{"@id":"https:\/\/bc-cl.ca\/fr\/call-of-the-forest\/"},"wordCount":223,"image":{"@id":"https:\/\/bc-cl.ca\/fr\/call-of-the-forest\/#primaryimage"},"thumbnailUrl":"https:\/\/bc-cl.ca\/wp-content\/uploads\/2023\/01\/Call-of-the-Forest2.jpg","articleSection":["Non classifi\u00e9(e)"],"inLanguage":"fr-FR"},{"@type":"WebPage","@id":"https:\/\/bc-cl.ca\/fr\/call-of-the-forest\/","url":"https:\/\/bc-cl.ca\/fr\/call-of-the-forest\/","name":"Call of the Forest - Biblioth\u00e8que Champlain","isPartOf":{"@id":"https:\/\/bc-cl.ca\/fr\/#website"},"primaryImageOfPage":{"@id":"https:\/\/bc-cl.ca\/fr\/call-of-the-forest\/#primaryimage"},"image":{"@id":"https:\/\/bc-cl.ca\/fr\/call-of-the-forest\/#primaryimage"},"thumbnailUrl":"https:\/\/bc-cl.ca\/wp-content\/uploads\/2023\/01\/Call-of-the-Forest2.jpg","datePublished":"2023-02-01T16:29:10+00:00","dateModified":"2023-02-01T16:32:16+00:00","author":{"@id":"https:\/\/bc-cl.ca\/fr\/#\/schema\/person\/dea3e8eaa9c293cb56f1ae615362367c"},"breadcrumb":{"@id":"https:\/\/bc-cl.ca\/fr\/call-of-the-forest\/#breadcrumb"},"inLanguage":"fr-FR","potentialAction":[{"@type":"ReadAction","target":["https:\/\/bc-cl.ca\/fr\/call-of-the-forest\/"]}]},{"@type":"ImageObject","inLanguage":"fr-FR","@id":"https:\/\/bc-cl.ca\/fr\/call-of-the-forest\/#primaryimage","url":"https:\/\/bc-cl.ca\/wp-content\/uploads\/2023\/01\/Call-of-the-Forest2.jpg","contentUrl":"https:\/\/bc-cl.ca\/wp-content\/uploads\/2023\/01\/Call-of-the-Forest2.jpg","width":406,"height":234},{"@type":"BreadcrumbList","@id":"https:\/\/bc-cl.ca\/fr\/call-of-the-forest\/#breadcrumb","itemListElement":[{"@type":"ListItem","position":1,"name":"Home","item":"https:\/\/bc-cl.ca\/fr\/"},{"@type":"ListItem","position":2,"name":"Call of the Forest"}]},{"@type":"WebSite","@id":"https:\/\/bc-cl.ca\/fr\/#website","url":"https:\/\/bc-cl.ca\/fr\/","name":"Biblioth\u00e8que Champlain","description":"Encourager la joie de lire et l'apprentissage tout au long de la vie.","potentialAction":[{"@type":"SearchAction","target":{"@type":"EntryPoint","urlTemplate":"https:\/\/bc-cl.ca\/fr\/?s={search_term_string}"},"query-input":{"@type":"PropertyValueSpecification","valueRequired":true,"valueName":"search_term_string"}}],"inLanguage":"fr-FR"},{"@type":"Person","@id":"https:\/\/bc-cl.ca\/fr\/#\/schema\/person\/dea3e8eaa9c293cb56f1ae615362367c","name":"champlainlib","image":{"@type":"ImageObject","inLanguage":"fr-FR","@id":"https:\/\/secure.gravatar.com\/avatar\/b9e94cd9071dbe6cdadd455629af9a8cceb2b61274e4c60cb4a40fe52d2ca582?s=96&d=mm&r=g","url":"https:\/\/secure.gravatar.com\/avatar\/b9e94cd9071dbe6cdadd455629af9a8cceb2b61274e4c60cb4a40fe52d2ca582?s=96&d=mm&r=g","contentUrl":"https:\/\/secure.gravatar.com\/avatar\/b9e94cd9071dbe6cdadd455629af9a8cceb2b61274e4c60cb4a40fe52d2ca582?s=96&d=mm&r=g","caption":"champlainlib"},"sameAs":["https:\/\/bc-cl.ca"],"url":"https:\/\/bc-cl.ca\/fr\/author\/champlainlib\/"}]}},"_links":{"self":[{"href":"https:\/\/bc-cl.ca\/fr\/wp-json\/wp\/v2\/posts\/7764","targetHints":{"allow":["GET"]}}],"collection":[{"href":"https:\/\/bc-cl.ca\/fr\/wp-json\/wp\/v2\/posts"}],"about":[{"href":"https:\/\/bc-cl.ca\/fr\/wp-json\/wp\/v2\/types\/post"}],"author":[{"embeddable":true,"href":"https:\/\/bc-cl.ca\/fr\/wp-json\/wp\/v2\/users\/1"}],"replies":[{"embeddable":true,"href":"https:\/\/bc-cl.ca\/fr\/wp-json\/wp\/v2\/comments?post=7764"}],"version-history":[{"count":0,"href":"https:\/\/bc-cl.ca\/fr\/wp-json\/wp\/v2\/posts\/7764\/revisions"}],"wp:featuredmedia":[{"embeddable":true,"href":"https:\/\/bc-cl.ca\/fr\/wp-json\/wp\/v2\/media\/7755"}],"wp:attachment":[{"href":"https:\/\/bc-cl.ca\/fr\/wp-json\/wp\/v2\/media?parent=7764"}],"wp:term":[{"taxonomy":"category","embeddable":true,"href":"https:\/\/bc-cl.ca\/fr\/wp-json\/wp\/v2\/categories?post=7764"},{"taxonomy":"post_tag","embeddable":true,"href":"https:\/\/bc-cl.ca\/fr\/wp-json\/wp\/v2\/tags?post=7764"}],"curies":[{"name":"wp","href":"https:\/\/api.w.org\/{rel}","templated":true}]}}