{"id":5196,"date":"2022-03-08T13:09:36","date_gmt":"2022-03-08T18:09:36","guid":{"rendered":"https:\/\/bc-cl.ca\/2022\/03\/semaine-de-conge-a-la-bibliotheque\/"},"modified":"2022-03-08T13:09:37","modified_gmt":"2022-03-08T18:09:37","slug":"semaine-de-conge-a-la-bibliotheque","status":"publish","type":"post","link":"https:\/\/bc-cl.ca\/fr\/semaine-de-conge-a-la-bibliotheque\/","title":{"rendered":"Semaine de cong\u00e9 \u00e0 la Biblioth\u00e8que"},"content":{"rendered":"\n<p>La Biblioth\u00e8que Champlain encourage les membres \u00e0 se lancer dans la lecture et les activit\u00e9s pendant le cong\u00e9 de mars.<\/p>\n\n<p>La biblioth\u00e8que sera ouverte au public du lundi au vendredi, de 13 h \u00e0 17 h, pour que les usagers puissent consulter les documents \u00e0 emprunter, ramasser les articles r\u00e9serv\u00e9s et utiliser un ordinateur. Les masques faciaux sont obligatoires \u00e0 la biblioth\u00e8que. Des programmes et des trousses d\u2019activit\u00e9s ont \u00e9t\u00e9 pr\u00e9par\u00e9s pour les enfants de tous \u00e2ges.<\/p>\n\n<p>Un club de codage virtuel d\u00e9butera la semaine, qui aura lieu pour les enfants de 9 \u00e0 13 ans par l\u2019entremise de Zoom le lundi 14\u00a0mars \u00e0 16 h 15. Ne manquez pas Storytime with Alicia en direct sur Facebook \u00e0 10 h le mardi 15\u00a0mars, o\u00f9 elle lira des livres sur St. John.Patrick en fran\u00e7ais et en anglais. Les trousses Parlons sciences seront disponibles le jeudi 17\u00a0mars et les sacs d\u2019activit\u00e9s pour les enfants, qui comprennent de l\u2019artisanat et des activit\u00e9s, pourront \u00eatre ramass\u00e9s tout au long de la semaine. Toute personne qui sort une trousse du cong\u00e9 de mars sera inscrite au tirage d\u2019une pelle d\u2019hiver.<\/p>\n\n<p>Des trousses d\u2019artisanat pour adultes seront disponibles le 14 mars. L\u2019engin de ce mois est un cintre de phase de lune pour co\u00efncider avec la pleine lune le vendredi. Le club de lectures en anglais aura \u00e9galement lieu lundi \u00e0 19 h sur Zoom, et les membres discuteront de The Snow Line de Tessa McWatt. Les membres du club de lecture documentaires se r\u00e9uniront le jeudi 17 mars \u00e0 13 h pour discuter de The Tiger : A True Story of Vengeance de John Vaillant.<\/p>\n\n<p>Apr\u00e8s une semaine compl\u00e8te de lecture et d\u2019activit\u00e9s, pourquoi ne pas r\u00e9server un film ou une s\u00e9rie t\u00e9l\u00e9vis\u00e9e pour profiter de la fin de semaine? Pour de plus amples renseignements sur les activit\u00e9s de la semaine de cong\u00e9 ou pour r\u00e9server des articles de la collection de la biblioth\u00e8que, visitez bc-cl.ca ou composez le 613-678-2216.<\/p>\n","protected":false},"excerpt":{"rendered":"<p>La Biblioth\u00e8que Champlain encourage les membres \u00e0 se lancer dans la lecture et les activit\u00e9s pendant le cong\u00e9 de mars. La biblioth\u00e8que sera ouverte au public du lundi au vendredi, [&hellip;]<\/p>\n","protected":false},"author":1,"featured_media":5190,"comment_status":"closed","ping_status":"open","sticky":false,"template":"","format":"standard","meta":{"_acf_changed":false,"_et_pb_use_builder":"off","_et_pb_old_content":"","_et_gb_content_width":"","footnotes":""},"categories":[2],"tags":[],"class_list":["post-5196","post","type-post","status-publish","format-standard","has-post-thumbnail","hentry","category-non-classifiee"],"acf":[],"yoast_head":"<!-- This site is optimized with the Yoast SEO plugin v27.4 - https:\/\/yoast.com\/product\/yoast-seo-wordpress\/ -->\n<title>Semaine de cong\u00e9 \u00e0 la Biblioth\u00e8que - Biblioth\u00e8que Champlain<\/title>\n<meta name=\"robots\" content=\"index, follow, max-snippet:-1, max-image-preview:large, max-video-preview:-1\" \/>\n<link rel=\"canonical\" href=\"https:\/\/bc-cl.ca\/fr\/semaine-de-conge-a-la-bibliotheque\/\" \/>\n<meta property=\"og:locale\" content=\"fr_FR\" \/>\n<meta property=\"og:type\" content=\"article\" \/>\n<meta property=\"og:title\" content=\"Semaine de cong\u00e9 \u00e0 la Biblioth\u00e8que - Biblioth\u00e8que Champlain\" \/>\n<meta property=\"og:description\" content=\"La Biblioth\u00e8que Champlain encourage les membres \u00e0 se lancer dans la lecture et les activit\u00e9s pendant le cong\u00e9 de mars. La biblioth\u00e8que sera ouverte au public du lundi au vendredi, [&hellip;]\" \/>\n<meta property=\"og:url\" content=\"https:\/\/bc-cl.ca\/fr\/semaine-de-conge-a-la-bibliotheque\/\" \/>\n<meta property=\"og:site_name\" content=\"Biblioth\u00e8que Champlain\" \/>\n<meta property=\"article:published_time\" content=\"2022-03-08T18:09:36+00:00\" \/>\n<meta property=\"article:modified_time\" content=\"2022-03-08T18:09:37+00:00\" \/>\n<meta property=\"og:image\" content=\"https:\/\/bc-cl.ca\/wp-content\/uploads\/2022\/03\/March-Break.png\" \/>\n\t<meta property=\"og:image:width\" content=\"246\" \/>\n\t<meta property=\"og:image:height\" content=\"205\" \/>\n\t<meta property=\"og:image:type\" content=\"image\/png\" \/>\n<meta name=\"author\" content=\"champlainlib\" \/>\n<meta name=\"twitter:card\" content=\"summary_large_image\" \/>\n<meta name=\"twitter:label1\" content=\"\u00c9crit par\" \/>\n\t<meta name=\"twitter:data1\" content=\"champlainlib\" \/>\n\t<meta name=\"twitter:label2\" content=\"Dur\u00e9e de lecture estim\u00e9e\" \/>\n\t<meta name=\"twitter:data2\" content=\"2 minutes\" \/>\n<script type=\"application\/ld+json\" class=\"yoast-schema-graph\">{\"@context\":\"https:\\\/\\\/schema.org\",\"@graph\":[{\"@type\":\"Article\",\"@id\":\"https:\\\/\\\/bc-cl.ca\\\/fr\\\/semaine-de-conge-a-la-bibliotheque\\\/#article\",\"isPartOf\":{\"@id\":\"https:\\\/\\\/bc-cl.ca\\\/fr\\\/semaine-de-conge-a-la-bibliotheque\\\/\"},\"author\":{\"name\":\"champlainlib\",\"@id\":\"https:\\\/\\\/bc-cl.ca\\\/fr\\\/#\\\/schema\\\/person\\\/dea3e8eaa9c293cb56f1ae615362367c\"},\"headline\":\"Semaine de cong\u00e9 \u00e0 la Biblioth\u00e8que\",\"datePublished\":\"2022-03-08T18:09:36+00:00\",\"dateModified\":\"2022-03-08T18:09:37+00:00\",\"mainEntityOfPage\":{\"@id\":\"https:\\\/\\\/bc-cl.ca\\\/fr\\\/semaine-de-conge-a-la-bibliotheque\\\/\"},\"wordCount\":349,\"image\":{\"@id\":\"https:\\\/\\\/bc-cl.ca\\\/fr\\\/semaine-de-conge-a-la-bibliotheque\\\/#primaryimage\"},\"thumbnailUrl\":\"https:\\\/\\\/bc-cl.ca\\\/wp-content\\\/uploads\\\/2022\\\/03\\\/March-Break.png\",\"articleSection\":[\"Non classifi\u00e9(e)\"],\"inLanguage\":\"fr-FR\"},{\"@type\":\"WebPage\",\"@id\":\"https:\\\/\\\/bc-cl.ca\\\/fr\\\/semaine-de-conge-a-la-bibliotheque\\\/\",\"url\":\"https:\\\/\\\/bc-cl.ca\\\/fr\\\/semaine-de-conge-a-la-bibliotheque\\\/\",\"name\":\"Semaine de cong\u00e9 \u00e0 la Biblioth\u00e8que - Biblioth\u00e8que Champlain\",\"isPartOf\":{\"@id\":\"https:\\\/\\\/bc-cl.ca\\\/fr\\\/#website\"},\"primaryImageOfPage\":{\"@id\":\"https:\\\/\\\/bc-cl.ca\\\/fr\\\/semaine-de-conge-a-la-bibliotheque\\\/#primaryimage\"},\"image\":{\"@id\":\"https:\\\/\\\/bc-cl.ca\\\/fr\\\/semaine-de-conge-a-la-bibliotheque\\\/#primaryimage\"},\"thumbnailUrl\":\"https:\\\/\\\/bc-cl.ca\\\/wp-content\\\/uploads\\\/2022\\\/03\\\/March-Break.png\",\"datePublished\":\"2022-03-08T18:09:36+00:00\",\"dateModified\":\"2022-03-08T18:09:37+00:00\",\"author\":{\"@id\":\"https:\\\/\\\/bc-cl.ca\\\/fr\\\/#\\\/schema\\\/person\\\/dea3e8eaa9c293cb56f1ae615362367c\"},\"breadcrumb\":{\"@id\":\"https:\\\/\\\/bc-cl.ca\\\/fr\\\/semaine-de-conge-a-la-bibliotheque\\\/#breadcrumb\"},\"inLanguage\":\"fr-FR\",\"potentialAction\":[{\"@type\":\"ReadAction\",\"target\":[\"https:\\\/\\\/bc-cl.ca\\\/fr\\\/semaine-de-conge-a-la-bibliotheque\\\/\"]}]},{\"@type\":\"ImageObject\",\"inLanguage\":\"fr-FR\",\"@id\":\"https:\\\/\\\/bc-cl.ca\\\/fr\\\/semaine-de-conge-a-la-bibliotheque\\\/#primaryimage\",\"url\":\"https:\\\/\\\/bc-cl.ca\\\/wp-content\\\/uploads\\\/2022\\\/03\\\/March-Break.png\",\"contentUrl\":\"https:\\\/\\\/bc-cl.ca\\\/wp-content\\\/uploads\\\/2022\\\/03\\\/March-Break.png\",\"width\":246,\"height\":205},{\"@type\":\"BreadcrumbList\",\"@id\":\"https:\\\/\\\/bc-cl.ca\\\/fr\\\/semaine-de-conge-a-la-bibliotheque\\\/#breadcrumb\",\"itemListElement\":[{\"@type\":\"ListItem\",\"position\":1,\"name\":\"Home\",\"item\":\"https:\\\/\\\/bc-cl.ca\\\/fr\\\/\"},{\"@type\":\"ListItem\",\"position\":2,\"name\":\"Semaine de cong\u00e9 \u00e0 la Biblioth\u00e8que\"}]},{\"@type\":\"WebSite\",\"@id\":\"https:\\\/\\\/bc-cl.ca\\\/fr\\\/#website\",\"url\":\"https:\\\/\\\/bc-cl.ca\\\/fr\\\/\",\"name\":\"Biblioth\u00e8que Champlain\",\"description\":\"Encourager la joie de lire et l'apprentissage tout au long de la vie.\",\"potentialAction\":[{\"@type\":\"SearchAction\",\"target\":{\"@type\":\"EntryPoint\",\"urlTemplate\":\"https:\\\/\\\/bc-cl.ca\\\/fr\\\/?s={search_term_string}\"},\"query-input\":{\"@type\":\"PropertyValueSpecification\",\"valueRequired\":true,\"valueName\":\"search_term_string\"}}],\"inLanguage\":\"fr-FR\"},{\"@type\":\"Person\",\"@id\":\"https:\\\/\\\/bc-cl.ca\\\/fr\\\/#\\\/schema\\\/person\\\/dea3e8eaa9c293cb56f1ae615362367c\",\"name\":\"champlainlib\",\"image\":{\"@type\":\"ImageObject\",\"inLanguage\":\"fr-FR\",\"@id\":\"https:\\\/\\\/secure.gravatar.com\\\/avatar\\\/b9e94cd9071dbe6cdadd455629af9a8cceb2b61274e4c60cb4a40fe52d2ca582?s=96&d=mm&r=g\",\"url\":\"https:\\\/\\\/secure.gravatar.com\\\/avatar\\\/b9e94cd9071dbe6cdadd455629af9a8cceb2b61274e4c60cb4a40fe52d2ca582?s=96&d=mm&r=g\",\"contentUrl\":\"https:\\\/\\\/secure.gravatar.com\\\/avatar\\\/b9e94cd9071dbe6cdadd455629af9a8cceb2b61274e4c60cb4a40fe52d2ca582?s=96&d=mm&r=g\",\"caption\":\"champlainlib\"},\"sameAs\":[\"https:\\\/\\\/bc-cl.ca\"],\"url\":\"https:\\\/\\\/bc-cl.ca\\\/fr\\\/author\\\/champlainlib\\\/\"}]}<\/script>\n<!-- \/ Yoast SEO plugin. -->","yoast_head_json":{"title":"Semaine de cong\u00e9 \u00e0 la Biblioth\u00e8que - Biblioth\u00e8que Champlain","robots":{"index":"index","follow":"follow","max-snippet":"max-snippet:-1","max-image-preview":"max-image-preview:large","max-video-preview":"max-video-preview:-1"},"canonical":"https:\/\/bc-cl.ca\/fr\/semaine-de-conge-a-la-bibliotheque\/","og_locale":"fr_FR","og_type":"article","og_title":"Semaine de cong\u00e9 \u00e0 la Biblioth\u00e8que - Biblioth\u00e8que Champlain","og_description":"La Biblioth\u00e8que Champlain encourage les membres \u00e0 se lancer dans la lecture et les activit\u00e9s pendant le cong\u00e9 de mars. La biblioth\u00e8que sera ouverte au public du lundi au vendredi, [&hellip;]","og_url":"https:\/\/bc-cl.ca\/fr\/semaine-de-conge-a-la-bibliotheque\/","og_site_name":"Biblioth\u00e8que Champlain","article_published_time":"2022-03-08T18:09:36+00:00","article_modified_time":"2022-03-08T18:09:37+00:00","og_image":[{"width":246,"height":205,"url":"https:\/\/bc-cl.ca\/wp-content\/uploads\/2022\/03\/March-Break.png","type":"image\/png"}],"author":"champlainlib","twitter_card":"summary_large_image","twitter_misc":{"\u00c9crit par":"champlainlib","Dur\u00e9e de lecture estim\u00e9e":"2 minutes"},"schema":{"@context":"https:\/\/schema.org","@graph":[{"@type":"Article","@id":"https:\/\/bc-cl.ca\/fr\/semaine-de-conge-a-la-bibliotheque\/#article","isPartOf":{"@id":"https:\/\/bc-cl.ca\/fr\/semaine-de-conge-a-la-bibliotheque\/"},"author":{"name":"champlainlib","@id":"https:\/\/bc-cl.ca\/fr\/#\/schema\/person\/dea3e8eaa9c293cb56f1ae615362367c"},"headline":"Semaine de cong\u00e9 \u00e0 la Biblioth\u00e8que","datePublished":"2022-03-08T18:09:36+00:00","dateModified":"2022-03-08T18:09:37+00:00","mainEntityOfPage":{"@id":"https:\/\/bc-cl.ca\/fr\/semaine-de-conge-a-la-bibliotheque\/"},"wordCount":349,"image":{"@id":"https:\/\/bc-cl.ca\/fr\/semaine-de-conge-a-la-bibliotheque\/#primaryimage"},"thumbnailUrl":"https:\/\/bc-cl.ca\/wp-content\/uploads\/2022\/03\/March-Break.png","articleSection":["Non classifi\u00e9(e)"],"inLanguage":"fr-FR"},{"@type":"WebPage","@id":"https:\/\/bc-cl.ca\/fr\/semaine-de-conge-a-la-bibliotheque\/","url":"https:\/\/bc-cl.ca\/fr\/semaine-de-conge-a-la-bibliotheque\/","name":"Semaine de cong\u00e9 \u00e0 la Biblioth\u00e8que - Biblioth\u00e8que Champlain","isPartOf":{"@id":"https:\/\/bc-cl.ca\/fr\/#website"},"primaryImageOfPage":{"@id":"https:\/\/bc-cl.ca\/fr\/semaine-de-conge-a-la-bibliotheque\/#primaryimage"},"image":{"@id":"https:\/\/bc-cl.ca\/fr\/semaine-de-conge-a-la-bibliotheque\/#primaryimage"},"thumbnailUrl":"https:\/\/bc-cl.ca\/wp-content\/uploads\/2022\/03\/March-Break.png","datePublished":"2022-03-08T18:09:36+00:00","dateModified":"2022-03-08T18:09:37+00:00","author":{"@id":"https:\/\/bc-cl.ca\/fr\/#\/schema\/person\/dea3e8eaa9c293cb56f1ae615362367c"},"breadcrumb":{"@id":"https:\/\/bc-cl.ca\/fr\/semaine-de-conge-a-la-bibliotheque\/#breadcrumb"},"inLanguage":"fr-FR","potentialAction":[{"@type":"ReadAction","target":["https:\/\/bc-cl.ca\/fr\/semaine-de-conge-a-la-bibliotheque\/"]}]},{"@type":"ImageObject","inLanguage":"fr-FR","@id":"https:\/\/bc-cl.ca\/fr\/semaine-de-conge-a-la-bibliotheque\/#primaryimage","url":"https:\/\/bc-cl.ca\/wp-content\/uploads\/2022\/03\/March-Break.png","contentUrl":"https:\/\/bc-cl.ca\/wp-content\/uploads\/2022\/03\/March-Break.png","width":246,"height":205},{"@type":"BreadcrumbList","@id":"https:\/\/bc-cl.ca\/fr\/semaine-de-conge-a-la-bibliotheque\/#breadcrumb","itemListElement":[{"@type":"ListItem","position":1,"name":"Home","item":"https:\/\/bc-cl.ca\/fr\/"},{"@type":"ListItem","position":2,"name":"Semaine de cong\u00e9 \u00e0 la Biblioth\u00e8que"}]},{"@type":"WebSite","@id":"https:\/\/bc-cl.ca\/fr\/#website","url":"https:\/\/bc-cl.ca\/fr\/","name":"Biblioth\u00e8que Champlain","description":"Encourager la joie de lire et l'apprentissage tout au long de la vie.","potentialAction":[{"@type":"SearchAction","target":{"@type":"EntryPoint","urlTemplate":"https:\/\/bc-cl.ca\/fr\/?s={search_term_string}"},"query-input":{"@type":"PropertyValueSpecification","valueRequired":true,"valueName":"search_term_string"}}],"inLanguage":"fr-FR"},{"@type":"Person","@id":"https:\/\/bc-cl.ca\/fr\/#\/schema\/person\/dea3e8eaa9c293cb56f1ae615362367c","name":"champlainlib","image":{"@type":"ImageObject","inLanguage":"fr-FR","@id":"https:\/\/secure.gravatar.com\/avatar\/b9e94cd9071dbe6cdadd455629af9a8cceb2b61274e4c60cb4a40fe52d2ca582?s=96&d=mm&r=g","url":"https:\/\/secure.gravatar.com\/avatar\/b9e94cd9071dbe6cdadd455629af9a8cceb2b61274e4c60cb4a40fe52d2ca582?s=96&d=mm&r=g","contentUrl":"https:\/\/secure.gravatar.com\/avatar\/b9e94cd9071dbe6cdadd455629af9a8cceb2b61274e4c60cb4a40fe52d2ca582?s=96&d=mm&r=g","caption":"champlainlib"},"sameAs":["https:\/\/bc-cl.ca"],"url":"https:\/\/bc-cl.ca\/fr\/author\/champlainlib\/"}]}},"_links":{"self":[{"href":"https:\/\/bc-cl.ca\/fr\/wp-json\/wp\/v2\/posts\/5196","targetHints":{"allow":["GET"]}}],"collection":[{"href":"https:\/\/bc-cl.ca\/fr\/wp-json\/wp\/v2\/posts"}],"about":[{"href":"https:\/\/bc-cl.ca\/fr\/wp-json\/wp\/v2\/types\/post"}],"author":[{"embeddable":true,"href":"https:\/\/bc-cl.ca\/fr\/wp-json\/wp\/v2\/users\/1"}],"replies":[{"embeddable":true,"href":"https:\/\/bc-cl.ca\/fr\/wp-json\/wp\/v2\/comments?post=5196"}],"version-history":[{"count":0,"href":"https:\/\/bc-cl.ca\/fr\/wp-json\/wp\/v2\/posts\/5196\/revisions"}],"wp:featuredmedia":[{"embeddable":true,"href":"https:\/\/bc-cl.ca\/fr\/wp-json\/wp\/v2\/media\/5190"}],"wp:attachment":[{"href":"https:\/\/bc-cl.ca\/fr\/wp-json\/wp\/v2\/media?parent=5196"}],"wp:term":[{"taxonomy":"category","embeddable":true,"href":"https:\/\/bc-cl.ca\/fr\/wp-json\/wp\/v2\/categories?post=5196"},{"taxonomy":"post_tag","embeddable":true,"href":"https:\/\/bc-cl.ca\/fr\/wp-json\/wp\/v2\/tags?post=5196"}],"curies":[{"name":"wp","href":"https:\/\/api.w.org\/{rel}","templated":true}]}}