{"id":4986,"date":"2022-02-02T13:39:39","date_gmt":"2022-02-02T18:39:39","guid":{"rendered":"https:\/\/bc-cl.ca\/2022\/02\/le-mois-de-lhistoire-noire\/"},"modified":"2022-02-15T17:44:32","modified_gmt":"2022-02-15T22:44:32","slug":"le-mois-de-lhistoire-noire","status":"publish","type":"post","link":"https:\/\/bc-cl.ca\/fr\/le-mois-de-lhistoire-noire\/","title":{"rendered":"Le mois de l&rsquo;histoire noire"},"content":{"rendered":"\n<p>F\u00e9vrier est le Mois de l\u2019histoire des Noirs. C\u00e9l\u00e9brer l\u2019histoire des Noirs aujourd\u2019hui et tous les jours. <\/p>\n\n<p>Voici une petite s\u00e9lection de nos livres et\/ou auteurs d\u2019histoire noire. Recherchez plus de titres dans notre collection.<\/p>\n\n<div class=\"wp-block-columns is-layout-flex wp-container-core-columns-is-layout-9d6595d7 wp-block-columns-is-layout-flex\">\n<div class=\"wp-block-column is-layout-flow wp-block-column-is-layout-flow\">\n<div class=\"wp-block-columns is-layout-flex wp-container-core-columns-is-layout-9d6595d7 wp-block-columns-is-layout-flex\">\n<div class=\"wp-block-column is-layout-flow wp-block-column-is-layout-flow\">\n<figure class=\"wp-block-image size-full\"><img decoding=\"async\" src=\"https:\/\/bc-cl.ca\/wp-content\/uploads\/2022\/02\/Out-of-the-sun.jpg\" alt=\"trois filles noires marchant ensemble\" class=\"wp-image-4949\"\/><\/figure>\n<\/div>\n\n\n\n<div class=\"wp-block-column is-layout-flow wp-block-column-is-layout-flow\">\n<figure class=\"wp-block-image size-full\"><img decoding=\"async\" src=\"https:\/\/bc-cl.ca\/wp-content\/uploads\/2022\/02\/three-mothers-4.jpg\" alt=\"trois petites photos de femmes noires\" class=\"wp-image-4975\"\/><\/figure>\n<\/div>\n<\/div>\n<\/div>\n\n\n\n<div class=\"wp-block-column is-layout-flow wp-block-column-is-layout-flow\">\n<div class=\"wp-block-columns is-layout-flex wp-container-core-columns-is-layout-9d6595d7 wp-block-columns-is-layout-flex\">\n<div class=\"wp-block-column is-layout-flow wp-block-column-is-layout-flow\">\n<figure class=\"wp-block-image size-full\"><img decoding=\"async\" src=\"https:\/\/bc-cl.ca\/wp-content\/uploads\/2022\/02\/hidden-figures.jpg\" alt=\"une vieille photo d&#x2019;un groupe de jeunes filles noires\" class=\"wp-image-4957\"\/><\/figure>\n<\/div>\n\n\n\n<div class=\"wp-block-column is-layout-flow wp-block-column-is-layout-flow\">\n<figure class=\"wp-block-image size-full\"><img decoding=\"async\" src=\"https:\/\/bc-cl.ca\/wp-content\/uploads\/2022\/02\/policing-black-lives-1.jpg\" alt=\"sc&#xE8;ne d&#x2019;&#xE9;meutes dans les rues\" class=\"wp-image-4955\"\/><\/figure>\n<\/div>\n<\/div>\n<\/div>\n<\/div>\n\n<div class=\"wp-block-columns is-layout-flex wp-container-core-columns-is-layout-9d6595d7 wp-block-columns-is-layout-flex\">\n<div class=\"wp-block-column is-layout-flow wp-block-column-is-layout-flow\">\n<div class=\"wp-block-columns is-layout-flex wp-container-core-columns-is-layout-9d6595d7 wp-block-columns-is-layout-flex\">\n<div class=\"wp-block-column is-layout-flow wp-block-column-is-layout-flow\">\n<figure class=\"wp-block-image size-full\"><img decoding=\"async\" src=\"https:\/\/bc-cl.ca\/wp-content\/uploads\/2022\/02\/devenir.jpg\" alt=\"photo de la femme noire Michelle Obama\" class=\"wp-image-4965\"\/><\/figure>\n<\/div>\n\n\n\n<div class=\"wp-block-column is-layout-flow wp-block-column-is-layout-flow\">\n<figure class=\"wp-block-image size-full\"><img decoding=\"async\" src=\"https:\/\/bc-cl.ca\/wp-content\/uploads\/2022\/02\/steal.jpg\" alt=\"Vue lat&#xE9;rale d&#x2019;une belle femme noire\" class=\"wp-image-4977\"\/><\/figure>\n<\/div>\n<\/div>\n<\/div>\n\n\n\n<div class=\"wp-block-column is-layout-flow wp-block-column-is-layout-flow\">\n<div class=\"wp-block-columns is-layout-flex wp-container-core-columns-is-layout-9d6595d7 wp-block-columns-is-layout-flex\">\n<div class=\"wp-block-column is-layout-flow wp-block-column-is-layout-flow\">\n<figure class=\"wp-block-image size-full\"><img decoding=\"async\" src=\"https:\/\/bc-cl.ca\/wp-content\/uploads\/2022\/02\/Will.jpg\" alt=\"Croquis de la t&#xEA;te de Will Smith\" class=\"wp-image-4969\"\/><\/figure>\n<\/div>\n\n\n\n<div class=\"wp-block-column is-layout-flow wp-block-column-is-layout-flow\">\n<figure class=\"wp-block-image size-full\"><img decoding=\"async\" src=\"https:\/\/bc-cl.ca\/wp-content\/uploads\/2022\/02\/une-terre.jpg\" alt=\"Photo en noir et blanc de Barack Obama\" class=\"wp-image-4971\"\/><\/figure>\n<\/div>\n<\/div>\n<\/div>\n<\/div>\n","protected":false},"excerpt":{"rendered":"<p>F\u00e9vrier est le Mois de l\u2019histoire des Noirs. C\u00e9l\u00e9brer l\u2019histoire des Noirs aujourd\u2019hui et tous les jours. Voici une petite s\u00e9lection de nos livres et\/ou auteurs d\u2019histoire noire. Recherchez plus [&hellip;]<\/p>\n","protected":false},"author":1,"featured_media":4988,"comment_status":"closed","ping_status":"open","sticky":false,"template":"","format":"standard","meta":{"_acf_changed":false,"_et_pb_use_builder":"off","_et_pb_old_content":"","_et_gb_content_width":"","footnotes":""},"categories":[2],"tags":[],"class_list":["post-4986","post","type-post","status-publish","format-standard","has-post-thumbnail","hentry","category-non-classifiee"],"acf":[],"yoast_head":"<!-- This site is optimized with the Yoast SEO plugin v27.4 - https:\/\/yoast.com\/product\/yoast-seo-wordpress\/ -->\n<title>Le mois de l&#039;histoire noire - Biblioth\u00e8que Champlain<\/title>\n<meta name=\"robots\" content=\"index, follow, max-snippet:-1, max-image-preview:large, max-video-preview:-1\" \/>\n<link rel=\"canonical\" href=\"https:\/\/bc-cl.ca\/fr\/le-mois-de-lhistoire-noire\/\" \/>\n<meta property=\"og:locale\" content=\"fr_FR\" \/>\n<meta property=\"og:type\" content=\"article\" \/>\n<meta property=\"og:title\" content=\"Le mois de l&#039;histoire noire - Biblioth\u00e8que Champlain\" \/>\n<meta property=\"og:description\" content=\"F\u00e9vrier est le Mois de l\u2019histoire des Noirs. C\u00e9l\u00e9brer l\u2019histoire des Noirs aujourd\u2019hui et tous les jours. Voici une petite s\u00e9lection de nos livres et\/ou auteurs d\u2019histoire noire. Recherchez plus [&hellip;]\" \/>\n<meta property=\"og:url\" content=\"https:\/\/bc-cl.ca\/fr\/le-mois-de-lhistoire-noire\/\" \/>\n<meta property=\"og:site_name\" content=\"Biblioth\u00e8que Champlain\" \/>\n<meta property=\"article:published_time\" content=\"2022-02-02T18:39:39+00:00\" \/>\n<meta property=\"article:modified_time\" content=\"2022-02-15T22:44:32+00:00\" \/>\n<meta property=\"og:image\" content=\"https:\/\/bc-cl.ca\/wp-content\/uploads\/2022\/02\/Le-mois-de-lhistoire.png\" \/>\n\t<meta property=\"og:image:width\" content=\"1200\" \/>\n\t<meta property=\"og:image:height\" content=\"400\" \/>\n\t<meta property=\"og:image:type\" content=\"image\/png\" \/>\n<meta name=\"author\" content=\"champlainlib\" \/>\n<meta name=\"twitter:card\" content=\"summary_large_image\" \/>\n<meta name=\"twitter:label1\" content=\"\u00c9crit par\" \/>\n\t<meta name=\"twitter:data1\" content=\"champlainlib\" \/>\n\t<meta name=\"twitter:label2\" content=\"Dur\u00e9e de lecture estim\u00e9e\" \/>\n\t<meta name=\"twitter:data2\" content=\"2 minutes\" \/>\n<script type=\"application\/ld+json\" class=\"yoast-schema-graph\">{\"@context\":\"https:\\\/\\\/schema.org\",\"@graph\":[{\"@type\":\"Article\",\"@id\":\"https:\\\/\\\/bc-cl.ca\\\/fr\\\/le-mois-de-lhistoire-noire\\\/#article\",\"isPartOf\":{\"@id\":\"https:\\\/\\\/bc-cl.ca\\\/fr\\\/le-mois-de-lhistoire-noire\\\/\"},\"author\":{\"name\":\"champlainlib\",\"@id\":\"https:\\\/\\\/bc-cl.ca\\\/fr\\\/#\\\/schema\\\/person\\\/dea3e8eaa9c293cb56f1ae615362367c\"},\"headline\":\"Le mois de l&rsquo;histoire noire\",\"datePublished\":\"2022-02-02T18:39:39+00:00\",\"dateModified\":\"2022-02-15T22:44:32+00:00\",\"mainEntityOfPage\":{\"@id\":\"https:\\\/\\\/bc-cl.ca\\\/fr\\\/le-mois-de-lhistoire-noire\\\/\"},\"wordCount\":50,\"image\":{\"@id\":\"https:\\\/\\\/bc-cl.ca\\\/fr\\\/le-mois-de-lhistoire-noire\\\/#primaryimage\"},\"thumbnailUrl\":\"https:\\\/\\\/bc-cl.ca\\\/wp-content\\\/uploads\\\/2022\\\/02\\\/Le-mois-de-lhistoire.png\",\"articleSection\":[\"Non classifi\u00e9(e)\"],\"inLanguage\":\"fr-FR\"},{\"@type\":\"WebPage\",\"@id\":\"https:\\\/\\\/bc-cl.ca\\\/fr\\\/le-mois-de-lhistoire-noire\\\/\",\"url\":\"https:\\\/\\\/bc-cl.ca\\\/fr\\\/le-mois-de-lhistoire-noire\\\/\",\"name\":\"Le mois de l'histoire noire - Biblioth\u00e8que Champlain\",\"isPartOf\":{\"@id\":\"https:\\\/\\\/bc-cl.ca\\\/fr\\\/#website\"},\"primaryImageOfPage\":{\"@id\":\"https:\\\/\\\/bc-cl.ca\\\/fr\\\/le-mois-de-lhistoire-noire\\\/#primaryimage\"},\"image\":{\"@id\":\"https:\\\/\\\/bc-cl.ca\\\/fr\\\/le-mois-de-lhistoire-noire\\\/#primaryimage\"},\"thumbnailUrl\":\"https:\\\/\\\/bc-cl.ca\\\/wp-content\\\/uploads\\\/2022\\\/02\\\/Le-mois-de-lhistoire.png\",\"datePublished\":\"2022-02-02T18:39:39+00:00\",\"dateModified\":\"2022-02-15T22:44:32+00:00\",\"author\":{\"@id\":\"https:\\\/\\\/bc-cl.ca\\\/fr\\\/#\\\/schema\\\/person\\\/dea3e8eaa9c293cb56f1ae615362367c\"},\"breadcrumb\":{\"@id\":\"https:\\\/\\\/bc-cl.ca\\\/fr\\\/le-mois-de-lhistoire-noire\\\/#breadcrumb\"},\"inLanguage\":\"fr-FR\",\"potentialAction\":[{\"@type\":\"ReadAction\",\"target\":[\"https:\\\/\\\/bc-cl.ca\\\/fr\\\/le-mois-de-lhistoire-noire\\\/\"]}]},{\"@type\":\"ImageObject\",\"inLanguage\":\"fr-FR\",\"@id\":\"https:\\\/\\\/bc-cl.ca\\\/fr\\\/le-mois-de-lhistoire-noire\\\/#primaryimage\",\"url\":\"https:\\\/\\\/bc-cl.ca\\\/wp-content\\\/uploads\\\/2022\\\/02\\\/Le-mois-de-lhistoire.png\",\"contentUrl\":\"https:\\\/\\\/bc-cl.ca\\\/wp-content\\\/uploads\\\/2022\\\/02\\\/Le-mois-de-lhistoire.png\",\"width\":1200,\"height\":400},{\"@type\":\"BreadcrumbList\",\"@id\":\"https:\\\/\\\/bc-cl.ca\\\/fr\\\/le-mois-de-lhistoire-noire\\\/#breadcrumb\",\"itemListElement\":[{\"@type\":\"ListItem\",\"position\":1,\"name\":\"Home\",\"item\":\"https:\\\/\\\/bc-cl.ca\\\/fr\\\/\"},{\"@type\":\"ListItem\",\"position\":2,\"name\":\"Le mois de l&#8217;histoire noire\"}]},{\"@type\":\"WebSite\",\"@id\":\"https:\\\/\\\/bc-cl.ca\\\/fr\\\/#website\",\"url\":\"https:\\\/\\\/bc-cl.ca\\\/fr\\\/\",\"name\":\"Biblioth\u00e8que Champlain\",\"description\":\"Encourager la joie de lire et l'apprentissage tout au long de la vie.\",\"potentialAction\":[{\"@type\":\"SearchAction\",\"target\":{\"@type\":\"EntryPoint\",\"urlTemplate\":\"https:\\\/\\\/bc-cl.ca\\\/fr\\\/?s={search_term_string}\"},\"query-input\":{\"@type\":\"PropertyValueSpecification\",\"valueRequired\":true,\"valueName\":\"search_term_string\"}}],\"inLanguage\":\"fr-FR\"},{\"@type\":\"Person\",\"@id\":\"https:\\\/\\\/bc-cl.ca\\\/fr\\\/#\\\/schema\\\/person\\\/dea3e8eaa9c293cb56f1ae615362367c\",\"name\":\"champlainlib\",\"image\":{\"@type\":\"ImageObject\",\"inLanguage\":\"fr-FR\",\"@id\":\"https:\\\/\\\/secure.gravatar.com\\\/avatar\\\/b9e94cd9071dbe6cdadd455629af9a8cceb2b61274e4c60cb4a40fe52d2ca582?s=96&d=mm&r=g\",\"url\":\"https:\\\/\\\/secure.gravatar.com\\\/avatar\\\/b9e94cd9071dbe6cdadd455629af9a8cceb2b61274e4c60cb4a40fe52d2ca582?s=96&d=mm&r=g\",\"contentUrl\":\"https:\\\/\\\/secure.gravatar.com\\\/avatar\\\/b9e94cd9071dbe6cdadd455629af9a8cceb2b61274e4c60cb4a40fe52d2ca582?s=96&d=mm&r=g\",\"caption\":\"champlainlib\"},\"sameAs\":[\"https:\\\/\\\/bc-cl.ca\"],\"url\":\"https:\\\/\\\/bc-cl.ca\\\/fr\\\/author\\\/champlainlib\\\/\"}]}<\/script>\n<!-- \/ Yoast SEO plugin. -->","yoast_head_json":{"title":"Le mois de l'histoire noire - Biblioth\u00e8que Champlain","robots":{"index":"index","follow":"follow","max-snippet":"max-snippet:-1","max-image-preview":"max-image-preview:large","max-video-preview":"max-video-preview:-1"},"canonical":"https:\/\/bc-cl.ca\/fr\/le-mois-de-lhistoire-noire\/","og_locale":"fr_FR","og_type":"article","og_title":"Le mois de l'histoire noire - Biblioth\u00e8que Champlain","og_description":"F\u00e9vrier est le Mois de l\u2019histoire des Noirs. C\u00e9l\u00e9brer l\u2019histoire des Noirs aujourd\u2019hui et tous les jours. Voici une petite s\u00e9lection de nos livres et\/ou auteurs d\u2019histoire noire. Recherchez plus [&hellip;]","og_url":"https:\/\/bc-cl.ca\/fr\/le-mois-de-lhistoire-noire\/","og_site_name":"Biblioth\u00e8que Champlain","article_published_time":"2022-02-02T18:39:39+00:00","article_modified_time":"2022-02-15T22:44:32+00:00","og_image":[{"width":1200,"height":400,"url":"https:\/\/bc-cl.ca\/wp-content\/uploads\/2022\/02\/Le-mois-de-lhistoire.png","type":"image\/png"}],"author":"champlainlib","twitter_card":"summary_large_image","twitter_misc":{"\u00c9crit par":"champlainlib","Dur\u00e9e de lecture estim\u00e9e":"2 minutes"},"schema":{"@context":"https:\/\/schema.org","@graph":[{"@type":"Article","@id":"https:\/\/bc-cl.ca\/fr\/le-mois-de-lhistoire-noire\/#article","isPartOf":{"@id":"https:\/\/bc-cl.ca\/fr\/le-mois-de-lhistoire-noire\/"},"author":{"name":"champlainlib","@id":"https:\/\/bc-cl.ca\/fr\/#\/schema\/person\/dea3e8eaa9c293cb56f1ae615362367c"},"headline":"Le mois de l&rsquo;histoire noire","datePublished":"2022-02-02T18:39:39+00:00","dateModified":"2022-02-15T22:44:32+00:00","mainEntityOfPage":{"@id":"https:\/\/bc-cl.ca\/fr\/le-mois-de-lhistoire-noire\/"},"wordCount":50,"image":{"@id":"https:\/\/bc-cl.ca\/fr\/le-mois-de-lhistoire-noire\/#primaryimage"},"thumbnailUrl":"https:\/\/bc-cl.ca\/wp-content\/uploads\/2022\/02\/Le-mois-de-lhistoire.png","articleSection":["Non classifi\u00e9(e)"],"inLanguage":"fr-FR"},{"@type":"WebPage","@id":"https:\/\/bc-cl.ca\/fr\/le-mois-de-lhistoire-noire\/","url":"https:\/\/bc-cl.ca\/fr\/le-mois-de-lhistoire-noire\/","name":"Le mois de l'histoire noire - Biblioth\u00e8que Champlain","isPartOf":{"@id":"https:\/\/bc-cl.ca\/fr\/#website"},"primaryImageOfPage":{"@id":"https:\/\/bc-cl.ca\/fr\/le-mois-de-lhistoire-noire\/#primaryimage"},"image":{"@id":"https:\/\/bc-cl.ca\/fr\/le-mois-de-lhistoire-noire\/#primaryimage"},"thumbnailUrl":"https:\/\/bc-cl.ca\/wp-content\/uploads\/2022\/02\/Le-mois-de-lhistoire.png","datePublished":"2022-02-02T18:39:39+00:00","dateModified":"2022-02-15T22:44:32+00:00","author":{"@id":"https:\/\/bc-cl.ca\/fr\/#\/schema\/person\/dea3e8eaa9c293cb56f1ae615362367c"},"breadcrumb":{"@id":"https:\/\/bc-cl.ca\/fr\/le-mois-de-lhistoire-noire\/#breadcrumb"},"inLanguage":"fr-FR","potentialAction":[{"@type":"ReadAction","target":["https:\/\/bc-cl.ca\/fr\/le-mois-de-lhistoire-noire\/"]}]},{"@type":"ImageObject","inLanguage":"fr-FR","@id":"https:\/\/bc-cl.ca\/fr\/le-mois-de-lhistoire-noire\/#primaryimage","url":"https:\/\/bc-cl.ca\/wp-content\/uploads\/2022\/02\/Le-mois-de-lhistoire.png","contentUrl":"https:\/\/bc-cl.ca\/wp-content\/uploads\/2022\/02\/Le-mois-de-lhistoire.png","width":1200,"height":400},{"@type":"BreadcrumbList","@id":"https:\/\/bc-cl.ca\/fr\/le-mois-de-lhistoire-noire\/#breadcrumb","itemListElement":[{"@type":"ListItem","position":1,"name":"Home","item":"https:\/\/bc-cl.ca\/fr\/"},{"@type":"ListItem","position":2,"name":"Le mois de l&#8217;histoire noire"}]},{"@type":"WebSite","@id":"https:\/\/bc-cl.ca\/fr\/#website","url":"https:\/\/bc-cl.ca\/fr\/","name":"Biblioth\u00e8que Champlain","description":"Encourager la joie de lire et l'apprentissage tout au long de la vie.","potentialAction":[{"@type":"SearchAction","target":{"@type":"EntryPoint","urlTemplate":"https:\/\/bc-cl.ca\/fr\/?s={search_term_string}"},"query-input":{"@type":"PropertyValueSpecification","valueRequired":true,"valueName":"search_term_string"}}],"inLanguage":"fr-FR"},{"@type":"Person","@id":"https:\/\/bc-cl.ca\/fr\/#\/schema\/person\/dea3e8eaa9c293cb56f1ae615362367c","name":"champlainlib","image":{"@type":"ImageObject","inLanguage":"fr-FR","@id":"https:\/\/secure.gravatar.com\/avatar\/b9e94cd9071dbe6cdadd455629af9a8cceb2b61274e4c60cb4a40fe52d2ca582?s=96&d=mm&r=g","url":"https:\/\/secure.gravatar.com\/avatar\/b9e94cd9071dbe6cdadd455629af9a8cceb2b61274e4c60cb4a40fe52d2ca582?s=96&d=mm&r=g","contentUrl":"https:\/\/secure.gravatar.com\/avatar\/b9e94cd9071dbe6cdadd455629af9a8cceb2b61274e4c60cb4a40fe52d2ca582?s=96&d=mm&r=g","caption":"champlainlib"},"sameAs":["https:\/\/bc-cl.ca"],"url":"https:\/\/bc-cl.ca\/fr\/author\/champlainlib\/"}]}},"_links":{"self":[{"href":"https:\/\/bc-cl.ca\/fr\/wp-json\/wp\/v2\/posts\/4986","targetHints":{"allow":["GET"]}}],"collection":[{"href":"https:\/\/bc-cl.ca\/fr\/wp-json\/wp\/v2\/posts"}],"about":[{"href":"https:\/\/bc-cl.ca\/fr\/wp-json\/wp\/v2\/types\/post"}],"author":[{"embeddable":true,"href":"https:\/\/bc-cl.ca\/fr\/wp-json\/wp\/v2\/users\/1"}],"replies":[{"embeddable":true,"href":"https:\/\/bc-cl.ca\/fr\/wp-json\/wp\/v2\/comments?post=4986"}],"version-history":[{"count":0,"href":"https:\/\/bc-cl.ca\/fr\/wp-json\/wp\/v2\/posts\/4986\/revisions"}],"wp:featuredmedia":[{"embeddable":true,"href":"https:\/\/bc-cl.ca\/fr\/wp-json\/wp\/v2\/media\/4988"}],"wp:attachment":[{"href":"https:\/\/bc-cl.ca\/fr\/wp-json\/wp\/v2\/media?parent=4986"}],"wp:term":[{"taxonomy":"category","embeddable":true,"href":"https:\/\/bc-cl.ca\/fr\/wp-json\/wp\/v2\/categories?post=4986"},{"taxonomy":"post_tag","embeddable":true,"href":"https:\/\/bc-cl.ca\/fr\/wp-json\/wp\/v2\/tags?post=4986"}],"curies":[{"name":"wp","href":"https:\/\/api.w.org\/{rel}","templated":true}]}}