{"id":3180,"date":"2021-07-05T16:24:12","date_gmt":"2021-07-05T20:24:12","guid":{"rendered":"https:\/\/bc-cl.ca\/2021\/07\/lisez-canadien-et-celebrez-le-canada\/"},"modified":"2021-07-05T16:26:33","modified_gmt":"2021-07-05T20:26:33","slug":"lisez-canadien-et-celebrez-le-canada","status":"publish","type":"post","link":"https:\/\/bc-cl.ca\/fr\/lisez-canadien-et-celebrez-le-canada\/","title":{"rendered":"Lisez Canadien et c\u00e9l\u00e9brez le Canada"},"content":{"rendered":"\n<p>La Biblioth\u00e8que encourage les membres \u00e0 c\u00e9l\u00e9brer la richesse, la diversit\u00e9 et l\u2019\u00e9tendue de la litt\u00e9rature canadienne au cours du mois de juillet. Les membres de la biblioth\u00e8que peuvent emprunter, lire et parler de livres canadiens, qu\u2019ils soient en fran\u00e7ais ou en anglais, pour les enfants, les adolescents ou les adultes. Besoin de suggestions sur ce qu\u2019il faut lire? Consultez la collection de la biblioth\u00e8que et recherchez votre auteur canadien pr\u00e9f\u00e9r\u00e9 ou des livres sur le Canada. Les choix du personnel seront \u00e9galement promus au cours du mois.<\/p>\n\n\n\n<p>La biblioth\u00e8que a des sacs de livres pour les enfants et les adultes sur divers th\u00e8mes si vous n\u2019\u00eates pas s\u00fbr de ce qu\u2019il faut lire. Ce mois-ci, des sacs de livres pour adultes contiendront des magazines, des livres d\u2019auteurs canadiens, un CD de musique et un DVD (contenu canadien si possible). Ne tardez pas. Empruntez un livre canadien aujourd\u2019hui. R\u00e9server des articles dans le catalogue de la biblioth\u00e8que ou appelez la biblioth\u00e8que au 613-678-2216.<\/p>\n","protected":false},"excerpt":{"rendered":"<p>La Biblioth\u00e8que encourage les membres \u00e0 c\u00e9l\u00e9brer la richesse, la diversit\u00e9 et l\u2019\u00e9tendue de la litt\u00e9rature canadienne au cours du mois de juillet. Les membres de la biblioth\u00e8que peuvent emprunter, [&hellip;]<\/p>\n","protected":false},"author":1,"featured_media":2912,"comment_status":"closed","ping_status":"open","sticky":false,"template":"","format":"standard","meta":{"_acf_changed":false,"_et_pb_use_builder":"off","_et_pb_old_content":"","_et_gb_content_width":"","footnotes":""},"categories":[2],"tags":[],"class_list":["post-3180","post","type-post","status-publish","format-standard","has-post-thumbnail","hentry","category-non-classifiee"],"acf":[],"yoast_head":"<!-- This site is optimized with the Yoast SEO plugin v27.4 - https:\/\/yoast.com\/product\/yoast-seo-wordpress\/ -->\n<title>Lisez Canadien et c\u00e9l\u00e9brez le Canada - Biblioth\u00e8que Champlain<\/title>\n<meta name=\"robots\" content=\"index, follow, max-snippet:-1, max-image-preview:large, max-video-preview:-1\" \/>\n<link rel=\"canonical\" href=\"https:\/\/bc-cl.ca\/fr\/lisez-canadien-et-celebrez-le-canada\/\" \/>\n<meta property=\"og:locale\" content=\"fr_FR\" \/>\n<meta property=\"og:type\" content=\"article\" \/>\n<meta property=\"og:title\" content=\"Lisez Canadien et c\u00e9l\u00e9brez le Canada - Biblioth\u00e8que Champlain\" \/>\n<meta property=\"og:description\" content=\"La Biblioth\u00e8que encourage les membres \u00e0 c\u00e9l\u00e9brer la richesse, la diversit\u00e9 et l\u2019\u00e9tendue de la litt\u00e9rature canadienne au cours du mois de juillet. Les membres de la biblioth\u00e8que peuvent emprunter, [&hellip;]\" \/>\n<meta property=\"og:url\" content=\"https:\/\/bc-cl.ca\/fr\/lisez-canadien-et-celebrez-le-canada\/\" \/>\n<meta property=\"og:site_name\" content=\"Biblioth\u00e8que Champlain\" \/>\n<meta property=\"article:published_time\" content=\"2021-07-05T20:24:12+00:00\" \/>\n<meta property=\"article:modified_time\" content=\"2021-07-05T20:26:33+00:00\" \/>\n<meta property=\"og:image\" content=\"https:\/\/bc-cl.ca\/wp-content\/uploads\/2021\/06\/Canada-flag.jpg\" \/>\n\t<meta property=\"og:image:width\" content=\"612\" \/>\n\t<meta property=\"og:image:height\" content=\"612\" \/>\n\t<meta property=\"og:image:type\" content=\"image\/jpeg\" \/>\n<meta name=\"author\" content=\"champlainlib\" \/>\n<meta name=\"twitter:card\" content=\"summary_large_image\" \/>\n<meta name=\"twitter:label1\" content=\"\u00c9crit par\" \/>\n\t<meta name=\"twitter:data1\" content=\"champlainlib\" \/>\n\t<meta name=\"twitter:label2\" content=\"Dur\u00e9e de lecture estim\u00e9e\" \/>\n\t<meta name=\"twitter:data2\" content=\"1 minute\" \/>\n<script type=\"application\/ld+json\" class=\"yoast-schema-graph\">{\"@context\":\"https:\\\/\\\/schema.org\",\"@graph\":[{\"@type\":\"Article\",\"@id\":\"https:\\\/\\\/bc-cl.ca\\\/fr\\\/lisez-canadien-et-celebrez-le-canada\\\/#article\",\"isPartOf\":{\"@id\":\"https:\\\/\\\/bc-cl.ca\\\/fr\\\/lisez-canadien-et-celebrez-le-canada\\\/\"},\"author\":{\"name\":\"champlainlib\",\"@id\":\"https:\\\/\\\/bc-cl.ca\\\/fr\\\/#\\\/schema\\\/person\\\/dea3e8eaa9c293cb56f1ae615362367c\"},\"headline\":\"Lisez Canadien et c\u00e9l\u00e9brez le Canada\",\"datePublished\":\"2021-07-05T20:24:12+00:00\",\"dateModified\":\"2021-07-05T20:26:33+00:00\",\"mainEntityOfPage\":{\"@id\":\"https:\\\/\\\/bc-cl.ca\\\/fr\\\/lisez-canadien-et-celebrez-le-canada\\\/\"},\"wordCount\":193,\"image\":{\"@id\":\"https:\\\/\\\/bc-cl.ca\\\/fr\\\/lisez-canadien-et-celebrez-le-canada\\\/#primaryimage\"},\"thumbnailUrl\":\"https:\\\/\\\/bc-cl.ca\\\/wp-content\\\/uploads\\\/2021\\\/06\\\/Canada-flag.jpg\",\"articleSection\":[\"Non classifi\u00e9(e)\"],\"inLanguage\":\"fr-FR\"},{\"@type\":\"WebPage\",\"@id\":\"https:\\\/\\\/bc-cl.ca\\\/fr\\\/lisez-canadien-et-celebrez-le-canada\\\/\",\"url\":\"https:\\\/\\\/bc-cl.ca\\\/fr\\\/lisez-canadien-et-celebrez-le-canada\\\/\",\"name\":\"Lisez Canadien et c\u00e9l\u00e9brez le Canada - Biblioth\u00e8que Champlain\",\"isPartOf\":{\"@id\":\"https:\\\/\\\/bc-cl.ca\\\/fr\\\/#website\"},\"primaryImageOfPage\":{\"@id\":\"https:\\\/\\\/bc-cl.ca\\\/fr\\\/lisez-canadien-et-celebrez-le-canada\\\/#primaryimage\"},\"image\":{\"@id\":\"https:\\\/\\\/bc-cl.ca\\\/fr\\\/lisez-canadien-et-celebrez-le-canada\\\/#primaryimage\"},\"thumbnailUrl\":\"https:\\\/\\\/bc-cl.ca\\\/wp-content\\\/uploads\\\/2021\\\/06\\\/Canada-flag.jpg\",\"datePublished\":\"2021-07-05T20:24:12+00:00\",\"dateModified\":\"2021-07-05T20:26:33+00:00\",\"author\":{\"@id\":\"https:\\\/\\\/bc-cl.ca\\\/fr\\\/#\\\/schema\\\/person\\\/dea3e8eaa9c293cb56f1ae615362367c\"},\"breadcrumb\":{\"@id\":\"https:\\\/\\\/bc-cl.ca\\\/fr\\\/lisez-canadien-et-celebrez-le-canada\\\/#breadcrumb\"},\"inLanguage\":\"fr-FR\",\"potentialAction\":[{\"@type\":\"ReadAction\",\"target\":[\"https:\\\/\\\/bc-cl.ca\\\/fr\\\/lisez-canadien-et-celebrez-le-canada\\\/\"]}]},{\"@type\":\"ImageObject\",\"inLanguage\":\"fr-FR\",\"@id\":\"https:\\\/\\\/bc-cl.ca\\\/fr\\\/lisez-canadien-et-celebrez-le-canada\\\/#primaryimage\",\"url\":\"https:\\\/\\\/bc-cl.ca\\\/wp-content\\\/uploads\\\/2021\\\/06\\\/Canada-flag.jpg\",\"contentUrl\":\"https:\\\/\\\/bc-cl.ca\\\/wp-content\\\/uploads\\\/2021\\\/06\\\/Canada-flag.jpg\",\"width\":612,\"height\":612,\"caption\":\"Illustration du drapeau du Canada Canadian national symbol country- vector isolated illustration.\"},{\"@type\":\"BreadcrumbList\",\"@id\":\"https:\\\/\\\/bc-cl.ca\\\/fr\\\/lisez-canadien-et-celebrez-le-canada\\\/#breadcrumb\",\"itemListElement\":[{\"@type\":\"ListItem\",\"position\":1,\"name\":\"Home\",\"item\":\"https:\\\/\\\/bc-cl.ca\\\/fr\\\/\"},{\"@type\":\"ListItem\",\"position\":2,\"name\":\"Lisez Canadien et c\u00e9l\u00e9brez le Canada\"}]},{\"@type\":\"WebSite\",\"@id\":\"https:\\\/\\\/bc-cl.ca\\\/fr\\\/#website\",\"url\":\"https:\\\/\\\/bc-cl.ca\\\/fr\\\/\",\"name\":\"Biblioth\u00e8que Champlain\",\"description\":\"Encourager la joie de lire et l'apprentissage tout au long de la vie.\",\"potentialAction\":[{\"@type\":\"SearchAction\",\"target\":{\"@type\":\"EntryPoint\",\"urlTemplate\":\"https:\\\/\\\/bc-cl.ca\\\/fr\\\/?s={search_term_string}\"},\"query-input\":{\"@type\":\"PropertyValueSpecification\",\"valueRequired\":true,\"valueName\":\"search_term_string\"}}],\"inLanguage\":\"fr-FR\"},{\"@type\":\"Person\",\"@id\":\"https:\\\/\\\/bc-cl.ca\\\/fr\\\/#\\\/schema\\\/person\\\/dea3e8eaa9c293cb56f1ae615362367c\",\"name\":\"champlainlib\",\"image\":{\"@type\":\"ImageObject\",\"inLanguage\":\"fr-FR\",\"@id\":\"https:\\\/\\\/secure.gravatar.com\\\/avatar\\\/b9e94cd9071dbe6cdadd455629af9a8cceb2b61274e4c60cb4a40fe52d2ca582?s=96&d=mm&r=g\",\"url\":\"https:\\\/\\\/secure.gravatar.com\\\/avatar\\\/b9e94cd9071dbe6cdadd455629af9a8cceb2b61274e4c60cb4a40fe52d2ca582?s=96&d=mm&r=g\",\"contentUrl\":\"https:\\\/\\\/secure.gravatar.com\\\/avatar\\\/b9e94cd9071dbe6cdadd455629af9a8cceb2b61274e4c60cb4a40fe52d2ca582?s=96&d=mm&r=g\",\"caption\":\"champlainlib\"},\"sameAs\":[\"https:\\\/\\\/bc-cl.ca\"],\"url\":\"https:\\\/\\\/bc-cl.ca\\\/fr\\\/author\\\/champlainlib\\\/\"}]}<\/script>\n<!-- \/ Yoast SEO plugin. -->","yoast_head_json":{"title":"Lisez Canadien et c\u00e9l\u00e9brez le Canada - Biblioth\u00e8que Champlain","robots":{"index":"index","follow":"follow","max-snippet":"max-snippet:-1","max-image-preview":"max-image-preview:large","max-video-preview":"max-video-preview:-1"},"canonical":"https:\/\/bc-cl.ca\/fr\/lisez-canadien-et-celebrez-le-canada\/","og_locale":"fr_FR","og_type":"article","og_title":"Lisez Canadien et c\u00e9l\u00e9brez le Canada - Biblioth\u00e8que Champlain","og_description":"La Biblioth\u00e8que encourage les membres \u00e0 c\u00e9l\u00e9brer la richesse, la diversit\u00e9 et l\u2019\u00e9tendue de la litt\u00e9rature canadienne au cours du mois de juillet. Les membres de la biblioth\u00e8que peuvent emprunter, [&hellip;]","og_url":"https:\/\/bc-cl.ca\/fr\/lisez-canadien-et-celebrez-le-canada\/","og_site_name":"Biblioth\u00e8que Champlain","article_published_time":"2021-07-05T20:24:12+00:00","article_modified_time":"2021-07-05T20:26:33+00:00","og_image":[{"width":612,"height":612,"url":"https:\/\/bc-cl.ca\/wp-content\/uploads\/2021\/06\/Canada-flag.jpg","type":"image\/jpeg"}],"author":"champlainlib","twitter_card":"summary_large_image","twitter_misc":{"\u00c9crit par":"champlainlib","Dur\u00e9e de lecture estim\u00e9e":"1 minute"},"schema":{"@context":"https:\/\/schema.org","@graph":[{"@type":"Article","@id":"https:\/\/bc-cl.ca\/fr\/lisez-canadien-et-celebrez-le-canada\/#article","isPartOf":{"@id":"https:\/\/bc-cl.ca\/fr\/lisez-canadien-et-celebrez-le-canada\/"},"author":{"name":"champlainlib","@id":"https:\/\/bc-cl.ca\/fr\/#\/schema\/person\/dea3e8eaa9c293cb56f1ae615362367c"},"headline":"Lisez Canadien et c\u00e9l\u00e9brez le Canada","datePublished":"2021-07-05T20:24:12+00:00","dateModified":"2021-07-05T20:26:33+00:00","mainEntityOfPage":{"@id":"https:\/\/bc-cl.ca\/fr\/lisez-canadien-et-celebrez-le-canada\/"},"wordCount":193,"image":{"@id":"https:\/\/bc-cl.ca\/fr\/lisez-canadien-et-celebrez-le-canada\/#primaryimage"},"thumbnailUrl":"https:\/\/bc-cl.ca\/wp-content\/uploads\/2021\/06\/Canada-flag.jpg","articleSection":["Non classifi\u00e9(e)"],"inLanguage":"fr-FR"},{"@type":"WebPage","@id":"https:\/\/bc-cl.ca\/fr\/lisez-canadien-et-celebrez-le-canada\/","url":"https:\/\/bc-cl.ca\/fr\/lisez-canadien-et-celebrez-le-canada\/","name":"Lisez Canadien et c\u00e9l\u00e9brez le Canada - Biblioth\u00e8que Champlain","isPartOf":{"@id":"https:\/\/bc-cl.ca\/fr\/#website"},"primaryImageOfPage":{"@id":"https:\/\/bc-cl.ca\/fr\/lisez-canadien-et-celebrez-le-canada\/#primaryimage"},"image":{"@id":"https:\/\/bc-cl.ca\/fr\/lisez-canadien-et-celebrez-le-canada\/#primaryimage"},"thumbnailUrl":"https:\/\/bc-cl.ca\/wp-content\/uploads\/2021\/06\/Canada-flag.jpg","datePublished":"2021-07-05T20:24:12+00:00","dateModified":"2021-07-05T20:26:33+00:00","author":{"@id":"https:\/\/bc-cl.ca\/fr\/#\/schema\/person\/dea3e8eaa9c293cb56f1ae615362367c"},"breadcrumb":{"@id":"https:\/\/bc-cl.ca\/fr\/lisez-canadien-et-celebrez-le-canada\/#breadcrumb"},"inLanguage":"fr-FR","potentialAction":[{"@type":"ReadAction","target":["https:\/\/bc-cl.ca\/fr\/lisez-canadien-et-celebrez-le-canada\/"]}]},{"@type":"ImageObject","inLanguage":"fr-FR","@id":"https:\/\/bc-cl.ca\/fr\/lisez-canadien-et-celebrez-le-canada\/#primaryimage","url":"https:\/\/bc-cl.ca\/wp-content\/uploads\/2021\/06\/Canada-flag.jpg","contentUrl":"https:\/\/bc-cl.ca\/wp-content\/uploads\/2021\/06\/Canada-flag.jpg","width":612,"height":612,"caption":"Illustration du drapeau du Canada Canadian national symbol country- vector isolated illustration."},{"@type":"BreadcrumbList","@id":"https:\/\/bc-cl.ca\/fr\/lisez-canadien-et-celebrez-le-canada\/#breadcrumb","itemListElement":[{"@type":"ListItem","position":1,"name":"Home","item":"https:\/\/bc-cl.ca\/fr\/"},{"@type":"ListItem","position":2,"name":"Lisez Canadien et c\u00e9l\u00e9brez le Canada"}]},{"@type":"WebSite","@id":"https:\/\/bc-cl.ca\/fr\/#website","url":"https:\/\/bc-cl.ca\/fr\/","name":"Biblioth\u00e8que Champlain","description":"Encourager la joie de lire et l'apprentissage tout au long de la vie.","potentialAction":[{"@type":"SearchAction","target":{"@type":"EntryPoint","urlTemplate":"https:\/\/bc-cl.ca\/fr\/?s={search_term_string}"},"query-input":{"@type":"PropertyValueSpecification","valueRequired":true,"valueName":"search_term_string"}}],"inLanguage":"fr-FR"},{"@type":"Person","@id":"https:\/\/bc-cl.ca\/fr\/#\/schema\/person\/dea3e8eaa9c293cb56f1ae615362367c","name":"champlainlib","image":{"@type":"ImageObject","inLanguage":"fr-FR","@id":"https:\/\/secure.gravatar.com\/avatar\/b9e94cd9071dbe6cdadd455629af9a8cceb2b61274e4c60cb4a40fe52d2ca582?s=96&d=mm&r=g","url":"https:\/\/secure.gravatar.com\/avatar\/b9e94cd9071dbe6cdadd455629af9a8cceb2b61274e4c60cb4a40fe52d2ca582?s=96&d=mm&r=g","contentUrl":"https:\/\/secure.gravatar.com\/avatar\/b9e94cd9071dbe6cdadd455629af9a8cceb2b61274e4c60cb4a40fe52d2ca582?s=96&d=mm&r=g","caption":"champlainlib"},"sameAs":["https:\/\/bc-cl.ca"],"url":"https:\/\/bc-cl.ca\/fr\/author\/champlainlib\/"}]}},"_links":{"self":[{"href":"https:\/\/bc-cl.ca\/fr\/wp-json\/wp\/v2\/posts\/3180","targetHints":{"allow":["GET"]}}],"collection":[{"href":"https:\/\/bc-cl.ca\/fr\/wp-json\/wp\/v2\/posts"}],"about":[{"href":"https:\/\/bc-cl.ca\/fr\/wp-json\/wp\/v2\/types\/post"}],"author":[{"embeddable":true,"href":"https:\/\/bc-cl.ca\/fr\/wp-json\/wp\/v2\/users\/1"}],"replies":[{"embeddable":true,"href":"https:\/\/bc-cl.ca\/fr\/wp-json\/wp\/v2\/comments?post=3180"}],"version-history":[{"count":0,"href":"https:\/\/bc-cl.ca\/fr\/wp-json\/wp\/v2\/posts\/3180\/revisions"}],"wp:featuredmedia":[{"embeddable":true,"href":"https:\/\/bc-cl.ca\/fr\/wp-json\/wp\/v2\/media\/2912"}],"wp:attachment":[{"href":"https:\/\/bc-cl.ca\/fr\/wp-json\/wp\/v2\/media?parent=3180"}],"wp:term":[{"taxonomy":"category","embeddable":true,"href":"https:\/\/bc-cl.ca\/fr\/wp-json\/wp\/v2\/categories?post=3180"},{"taxonomy":"post_tag","embeddable":true,"href":"https:\/\/bc-cl.ca\/fr\/wp-json\/wp\/v2\/tags?post=3180"}],"curies":[{"name":"wp","href":"https:\/\/api.w.org\/{rel}","templated":true}]}}