{"id":2687,"date":"2021-05-04T10:03:50","date_gmt":"2021-05-04T14:03:50","guid":{"rendered":"https:\/\/bc-cl.ca\/2021\/05\/semaine-de-la-sante-mentale-de-lacsm\/"},"modified":"2021-05-04T10:03:56","modified_gmt":"2021-05-04T14:03:56","slug":"semaine-de-la-sante-mentale-de-lacsm","status":"publish","type":"post","link":"https:\/\/bc-cl.ca\/fr\/semaine-de-la-sante-mentale-de-lacsm\/","title":{"rendered":"Semaine de la sant\u00e9 mentale de l\u2019ACSM"},"content":{"rendered":"\n<p>Chaque ann\u00e9e depuis 1951, l\u2019Association canadienne pour la sant\u00e9 mentale (ACSM) organise la Semaine de la sant\u00e9 mentale au cours de la premi\u00e8re semaine compl\u00e8te de mai. Cette ann\u00e9e marque son 70e anniversaire et est observ\u00e9e du 3 au 9 mai 2021. L\u2019objectif de la Semaine de la sant\u00e9 mentale est de changer les croyances et les perceptions de la soci\u00e9t\u00e9 \u00e0 l\u2019\u00e9gard de la sant\u00e9 mentale. Il aide \u00e0 promouvoir des comportements et des attitudes qui favorisent le bien-\u00eatre, favorisent une bonne sant\u00e9 mentale et cr\u00e9ent une culture de compr\u00e9hension et d\u2019acceptation.<\/p>\n\n<p>Le th\u00e8me de la Semaine de la sant\u00e9 mentale de cette ann\u00e9e est la compr\u00e9hension de nos \u00e9motions. Reconna\u00eetre, \u00e9tiqueter et accepter nos sentiments font partie de la protection et de la promotion d\u2019une bonne sant\u00e9 mentale pour tous. Nommer, exprimer et g\u00e9rer nos \u00e9motions \u2013 m\u00eame lorsqu\u2019elles sont inconfortables \u2013 peut nous aider \u00e0 nous sentir mieux.<\/p>\n\n<p>La Biblioth\u00e8que Champlain offre de nombreux livres et DVD li\u00e9s \u00e0 la sant\u00e9 mentale sous une forme ou une autre. Qu\u2019il s\u2019agisse d\u2019un livre sur la fa\u00e7on de r\u00e9duire le stress, d\u2019un guide pour aider les enfants et les adolescents \u00e0 surmonter les probl\u00e8mes de sant\u00e9 mentale, d\u2019une ressource vid\u00e9o pour vous aider \u00e0 vous sentir mieux et \u00e0 apprendre \u00e0 vous attaquer \u00e0 la d\u00e9pression, \u00e0 l\u2019anxi\u00e9t\u00e9 et au stress, d\u2019un livre de cuisine sur les recettes qui changent la vie ou d\u2019un roman \u00e0 lire qui fait du bien, La biblioth\u00e8que s\u2019occupe de vous.<\/p>\n\n<p><a href=\"http:\/\/www.mentalhealthweek.ca\/\">Pour en savoir plus sur la Semaine de la sant\u00e9 mentale, visitez la semaine de la sant\u00e9 mentale.<\/a> Cherchez et r\u00e9servez des livres et des DVD dans le catalogue de la biblioth\u00e8que, ou appelez la biblioth\u00e8que au 613-678-2216.<\/p>\n","protected":false},"excerpt":{"rendered":"<p>Chaque ann\u00e9e depuis 1951, l\u2019Association canadienne pour la sant\u00e9 mentale (ACSM) organise la Semaine de la sant\u00e9 mentale au cours de la premi\u00e8re semaine compl\u00e8te de mai. Cette ann\u00e9e marque [&hellip;]<\/p>\n","protected":false},"author":1,"featured_media":0,"comment_status":"closed","ping_status":"open","sticky":false,"template":"","format":"standard","meta":{"_acf_changed":false,"_et_pb_use_builder":"off","_et_pb_old_content":"","_et_gb_content_width":"","footnotes":""},"categories":[2],"tags":[],"class_list":["post-2687","post","type-post","status-publish","format-standard","hentry","category-non-classifiee"],"acf":[],"yoast_head":"<!-- This site is optimized with the Yoast SEO plugin v27.4 - https:\/\/yoast.com\/product\/yoast-seo-wordpress\/ -->\n<title>Semaine de la sant\u00e9 mentale de l\u2019ACSM - Biblioth\u00e8que Champlain<\/title>\n<meta name=\"description\" content=\"Person holding a laptop which screen reads mental health\" \/>\n<meta name=\"robots\" content=\"index, follow, max-snippet:-1, max-image-preview:large, max-video-preview:-1\" \/>\n<link rel=\"canonical\" href=\"https:\/\/bc-cl.ca\/fr\/semaine-de-la-sante-mentale-de-lacsm\/\" \/>\n<meta property=\"og:locale\" content=\"fr_FR\" \/>\n<meta property=\"og:type\" content=\"article\" \/>\n<meta property=\"og:title\" content=\"Semaine de la sant\u00e9 mentale de l\u2019ACSM - Biblioth\u00e8que Champlain\" \/>\n<meta property=\"og:description\" content=\"Person holding a laptop which screen reads mental health\" \/>\n<meta property=\"og:url\" content=\"https:\/\/bc-cl.ca\/fr\/semaine-de-la-sante-mentale-de-lacsm\/\" \/>\n<meta property=\"og:site_name\" content=\"Biblioth\u00e8que Champlain\" \/>\n<meta property=\"article:published_time\" content=\"2021-05-04T14:03:50+00:00\" \/>\n<meta property=\"article:modified_time\" content=\"2021-05-04T14:03:56+00:00\" \/>\n<meta name=\"author\" content=\"champlainlib\" \/>\n<meta name=\"twitter:card\" content=\"summary_large_image\" \/>\n<meta name=\"twitter:label1\" content=\"\u00c9crit par\" \/>\n\t<meta name=\"twitter:data1\" content=\"champlainlib\" \/>\n\t<meta name=\"twitter:label2\" content=\"Dur\u00e9e de lecture estim\u00e9e\" \/>\n\t<meta name=\"twitter:data2\" content=\"2 minutes\" \/>\n<script type=\"application\/ld+json\" class=\"yoast-schema-graph\">{\"@context\":\"https:\\\/\\\/schema.org\",\"@graph\":[{\"@type\":\"Article\",\"@id\":\"https:\\\/\\\/bc-cl.ca\\\/fr\\\/semaine-de-la-sante-mentale-de-lacsm\\\/#article\",\"isPartOf\":{\"@id\":\"https:\\\/\\\/bc-cl.ca\\\/fr\\\/semaine-de-la-sante-mentale-de-lacsm\\\/\"},\"author\":{\"name\":\"champlainlib\",\"@id\":\"https:\\\/\\\/bc-cl.ca\\\/fr\\\/#\\\/schema\\\/person\\\/dea3e8eaa9c293cb56f1ae615362367c\"},\"headline\":\"Semaine de la sant\u00e9 mentale de l\u2019ACSM\",\"datePublished\":\"2021-05-04T14:03:50+00:00\",\"dateModified\":\"2021-05-04T14:03:56+00:00\",\"mainEntityOfPage\":{\"@id\":\"https:\\\/\\\/bc-cl.ca\\\/fr\\\/semaine-de-la-sante-mentale-de-lacsm\\\/\"},\"wordCount\":319,\"articleSection\":[\"Non classifi\u00e9(e)\"],\"inLanguage\":\"fr-FR\"},{\"@type\":\"WebPage\",\"@id\":\"https:\\\/\\\/bc-cl.ca\\\/fr\\\/semaine-de-la-sante-mentale-de-lacsm\\\/\",\"url\":\"https:\\\/\\\/bc-cl.ca\\\/fr\\\/semaine-de-la-sante-mentale-de-lacsm\\\/\",\"name\":\"Semaine de la sant\u00e9 mentale de l\u2019ACSM - Biblioth\u00e8que Champlain\",\"isPartOf\":{\"@id\":\"https:\\\/\\\/bc-cl.ca\\\/fr\\\/#website\"},\"datePublished\":\"2021-05-04T14:03:50+00:00\",\"dateModified\":\"2021-05-04T14:03:56+00:00\",\"author\":{\"@id\":\"https:\\\/\\\/bc-cl.ca\\\/fr\\\/#\\\/schema\\\/person\\\/dea3e8eaa9c293cb56f1ae615362367c\"},\"description\":\"Person holding a laptop which screen reads mental health\",\"breadcrumb\":{\"@id\":\"https:\\\/\\\/bc-cl.ca\\\/fr\\\/semaine-de-la-sante-mentale-de-lacsm\\\/#breadcrumb\"},\"inLanguage\":\"fr-FR\",\"potentialAction\":[{\"@type\":\"ReadAction\",\"target\":[\"https:\\\/\\\/bc-cl.ca\\\/fr\\\/semaine-de-la-sante-mentale-de-lacsm\\\/\"]}]},{\"@type\":\"BreadcrumbList\",\"@id\":\"https:\\\/\\\/bc-cl.ca\\\/fr\\\/semaine-de-la-sante-mentale-de-lacsm\\\/#breadcrumb\",\"itemListElement\":[{\"@type\":\"ListItem\",\"position\":1,\"name\":\"Home\",\"item\":\"https:\\\/\\\/bc-cl.ca\\\/fr\\\/\"},{\"@type\":\"ListItem\",\"position\":2,\"name\":\"Semaine de la sant\u00e9 mentale de l\u2019ACSM\"}]},{\"@type\":\"WebSite\",\"@id\":\"https:\\\/\\\/bc-cl.ca\\\/fr\\\/#website\",\"url\":\"https:\\\/\\\/bc-cl.ca\\\/fr\\\/\",\"name\":\"Biblioth\u00e8que Champlain\",\"description\":\"Encourager la joie de lire et l'apprentissage tout au long de la vie.\",\"potentialAction\":[{\"@type\":\"SearchAction\",\"target\":{\"@type\":\"EntryPoint\",\"urlTemplate\":\"https:\\\/\\\/bc-cl.ca\\\/fr\\\/?s={search_term_string}\"},\"query-input\":{\"@type\":\"PropertyValueSpecification\",\"valueRequired\":true,\"valueName\":\"search_term_string\"}}],\"inLanguage\":\"fr-FR\"},{\"@type\":\"Person\",\"@id\":\"https:\\\/\\\/bc-cl.ca\\\/fr\\\/#\\\/schema\\\/person\\\/dea3e8eaa9c293cb56f1ae615362367c\",\"name\":\"champlainlib\",\"image\":{\"@type\":\"ImageObject\",\"inLanguage\":\"fr-FR\",\"@id\":\"https:\\\/\\\/secure.gravatar.com\\\/avatar\\\/b9e94cd9071dbe6cdadd455629af9a8cceb2b61274e4c60cb4a40fe52d2ca582?s=96&d=mm&r=g\",\"url\":\"https:\\\/\\\/secure.gravatar.com\\\/avatar\\\/b9e94cd9071dbe6cdadd455629af9a8cceb2b61274e4c60cb4a40fe52d2ca582?s=96&d=mm&r=g\",\"contentUrl\":\"https:\\\/\\\/secure.gravatar.com\\\/avatar\\\/b9e94cd9071dbe6cdadd455629af9a8cceb2b61274e4c60cb4a40fe52d2ca582?s=96&d=mm&r=g\",\"caption\":\"champlainlib\"},\"sameAs\":[\"https:\\\/\\\/bc-cl.ca\"],\"url\":\"https:\\\/\\\/bc-cl.ca\\\/fr\\\/author\\\/champlainlib\\\/\"}]}<\/script>\n<!-- \/ Yoast SEO plugin. -->","yoast_head_json":{"title":"Semaine de la sant\u00e9 mentale de l\u2019ACSM - Biblioth\u00e8que Champlain","description":"Person holding a laptop which screen reads mental health","robots":{"index":"index","follow":"follow","max-snippet":"max-snippet:-1","max-image-preview":"max-image-preview:large","max-video-preview":"max-video-preview:-1"},"canonical":"https:\/\/bc-cl.ca\/fr\/semaine-de-la-sante-mentale-de-lacsm\/","og_locale":"fr_FR","og_type":"article","og_title":"Semaine de la sant\u00e9 mentale de l\u2019ACSM - Biblioth\u00e8que Champlain","og_description":"Person holding a laptop which screen reads mental health","og_url":"https:\/\/bc-cl.ca\/fr\/semaine-de-la-sante-mentale-de-lacsm\/","og_site_name":"Biblioth\u00e8que Champlain","article_published_time":"2021-05-04T14:03:50+00:00","article_modified_time":"2021-05-04T14:03:56+00:00","author":"champlainlib","twitter_card":"summary_large_image","twitter_misc":{"\u00c9crit par":"champlainlib","Dur\u00e9e de lecture estim\u00e9e":"2 minutes"},"schema":{"@context":"https:\/\/schema.org","@graph":[{"@type":"Article","@id":"https:\/\/bc-cl.ca\/fr\/semaine-de-la-sante-mentale-de-lacsm\/#article","isPartOf":{"@id":"https:\/\/bc-cl.ca\/fr\/semaine-de-la-sante-mentale-de-lacsm\/"},"author":{"name":"champlainlib","@id":"https:\/\/bc-cl.ca\/fr\/#\/schema\/person\/dea3e8eaa9c293cb56f1ae615362367c"},"headline":"Semaine de la sant\u00e9 mentale de l\u2019ACSM","datePublished":"2021-05-04T14:03:50+00:00","dateModified":"2021-05-04T14:03:56+00:00","mainEntityOfPage":{"@id":"https:\/\/bc-cl.ca\/fr\/semaine-de-la-sante-mentale-de-lacsm\/"},"wordCount":319,"articleSection":["Non classifi\u00e9(e)"],"inLanguage":"fr-FR"},{"@type":"WebPage","@id":"https:\/\/bc-cl.ca\/fr\/semaine-de-la-sante-mentale-de-lacsm\/","url":"https:\/\/bc-cl.ca\/fr\/semaine-de-la-sante-mentale-de-lacsm\/","name":"Semaine de la sant\u00e9 mentale de l\u2019ACSM - Biblioth\u00e8que Champlain","isPartOf":{"@id":"https:\/\/bc-cl.ca\/fr\/#website"},"datePublished":"2021-05-04T14:03:50+00:00","dateModified":"2021-05-04T14:03:56+00:00","author":{"@id":"https:\/\/bc-cl.ca\/fr\/#\/schema\/person\/dea3e8eaa9c293cb56f1ae615362367c"},"description":"Person holding a laptop which screen reads mental health","breadcrumb":{"@id":"https:\/\/bc-cl.ca\/fr\/semaine-de-la-sante-mentale-de-lacsm\/#breadcrumb"},"inLanguage":"fr-FR","potentialAction":[{"@type":"ReadAction","target":["https:\/\/bc-cl.ca\/fr\/semaine-de-la-sante-mentale-de-lacsm\/"]}]},{"@type":"BreadcrumbList","@id":"https:\/\/bc-cl.ca\/fr\/semaine-de-la-sante-mentale-de-lacsm\/#breadcrumb","itemListElement":[{"@type":"ListItem","position":1,"name":"Home","item":"https:\/\/bc-cl.ca\/fr\/"},{"@type":"ListItem","position":2,"name":"Semaine de la sant\u00e9 mentale de l\u2019ACSM"}]},{"@type":"WebSite","@id":"https:\/\/bc-cl.ca\/fr\/#website","url":"https:\/\/bc-cl.ca\/fr\/","name":"Biblioth\u00e8que Champlain","description":"Encourager la joie de lire et l'apprentissage tout au long de la vie.","potentialAction":[{"@type":"SearchAction","target":{"@type":"EntryPoint","urlTemplate":"https:\/\/bc-cl.ca\/fr\/?s={search_term_string}"},"query-input":{"@type":"PropertyValueSpecification","valueRequired":true,"valueName":"search_term_string"}}],"inLanguage":"fr-FR"},{"@type":"Person","@id":"https:\/\/bc-cl.ca\/fr\/#\/schema\/person\/dea3e8eaa9c293cb56f1ae615362367c","name":"champlainlib","image":{"@type":"ImageObject","inLanguage":"fr-FR","@id":"https:\/\/secure.gravatar.com\/avatar\/b9e94cd9071dbe6cdadd455629af9a8cceb2b61274e4c60cb4a40fe52d2ca582?s=96&d=mm&r=g","url":"https:\/\/secure.gravatar.com\/avatar\/b9e94cd9071dbe6cdadd455629af9a8cceb2b61274e4c60cb4a40fe52d2ca582?s=96&d=mm&r=g","contentUrl":"https:\/\/secure.gravatar.com\/avatar\/b9e94cd9071dbe6cdadd455629af9a8cceb2b61274e4c60cb4a40fe52d2ca582?s=96&d=mm&r=g","caption":"champlainlib"},"sameAs":["https:\/\/bc-cl.ca"],"url":"https:\/\/bc-cl.ca\/fr\/author\/champlainlib\/"}]}},"_links":{"self":[{"href":"https:\/\/bc-cl.ca\/fr\/wp-json\/wp\/v2\/posts\/2687","targetHints":{"allow":["GET"]}}],"collection":[{"href":"https:\/\/bc-cl.ca\/fr\/wp-json\/wp\/v2\/posts"}],"about":[{"href":"https:\/\/bc-cl.ca\/fr\/wp-json\/wp\/v2\/types\/post"}],"author":[{"embeddable":true,"href":"https:\/\/bc-cl.ca\/fr\/wp-json\/wp\/v2\/users\/1"}],"replies":[{"embeddable":true,"href":"https:\/\/bc-cl.ca\/fr\/wp-json\/wp\/v2\/comments?post=2687"}],"version-history":[{"count":0,"href":"https:\/\/bc-cl.ca\/fr\/wp-json\/wp\/v2\/posts\/2687\/revisions"}],"wp:attachment":[{"href":"https:\/\/bc-cl.ca\/fr\/wp-json\/wp\/v2\/media?parent=2687"}],"wp:term":[{"taxonomy":"category","embeddable":true,"href":"https:\/\/bc-cl.ca\/fr\/wp-json\/wp\/v2\/categories?post=2687"},{"taxonomy":"post_tag","embeddable":true,"href":"https:\/\/bc-cl.ca\/fr\/wp-json\/wp\/v2\/tags?post=2687"}],"curies":[{"name":"wp","href":"https:\/\/api.w.org\/{rel}","templated":true}]}}