{"id":2446,"date":"2021-04-07T12:41:08","date_gmt":"2021-04-07T16:41:08","guid":{"rendered":"https:\/\/bc-cl.ca\/2021\/04\/avril-est-le-mois-national-de-la-poesie\/"},"modified":"2021-04-12T17:12:37","modified_gmt":"2021-04-12T21:12:37","slug":"avril-est-le-mois-national-de-la-poesie","status":"publish","type":"post","link":"https:\/\/bc-cl.ca\/fr\/avril-est-le-mois-national-de-la-poesie\/","title":{"rendered":"Avril est le Mois national de la po\u00e9sie"},"content":{"rendered":"\n<p>Avril est le Mois national de la po\u00e9sie et la Biblioth\u00e8que Champlain est \u00e0 la recherche de po\u00e8mes.<\/p>\n\n\n\n<p>Le personnel de la biblioth\u00e8que veut savoir ce qui suit. Quels po\u00e8mes vous inspirent ? Qu\u2019est-ce qui vous aide \u00e0 voir le potentiel incroyable que la vie a \u00e0 offrir?<\/p>\n\n\n\n<p>Il y a beaucoup de choses qui peuvent fournir l\u2019inspiration pour aider \u00e0 se sentir renouvel\u00e9, rafra\u00eechi et ranim\u00e9 pendant cette p\u00e9riode de l\u2019ann\u00e9e Les clients de la Biblioth\u00e8que Champlain qui soumettent un po\u00e8me pr\u00e9f\u00e9r\u00e9, ou un po\u00e8me qu\u2019ils ont \u00e9crit eux-m\u00eames, verront leur nom inscrit \u00e0 un tirage au sort pour un livre gratuit. Pour participer, envoyez votre po\u00e8me par courriel \u00e0 library@bc-cl.ca. Le tirage aura lieu le jeudi 29 avril.<\/p>\n\n\n\n<p>Toute personne \u00e0 la recherche de po\u00e9sie \u00e0 lire peut \u00e9galement visiter le catalogue de la biblioth\u00e8que. Pour obtenir de plus amples renseignements, veuillez communiquer avec la biblioth\u00e8que au 613-678-2216.<\/p>\n","protected":false},"excerpt":{"rendered":"<p>Avril est le Mois national de la po\u00e9sie et la Biblioth\u00e8que Champlain est \u00e0 la recherche de po\u00e8mes. Le personnel de la biblioth\u00e8que veut savoir ce qui suit. Quels po\u00e8mes [&hellip;]<\/p>\n","protected":false},"author":1,"featured_media":2427,"comment_status":"closed","ping_status":"open","sticky":false,"template":"","format":"standard","meta":{"_acf_changed":false,"_et_pb_use_builder":"off","_et_pb_old_content":"","_et_gb_content_width":"","footnotes":""},"categories":[2],"tags":[],"class_list":["post-2446","post","type-post","status-publish","format-standard","has-post-thumbnail","hentry","category-non-classifiee"],"acf":[],"yoast_head":"<!-- This site is optimized with the Yoast SEO plugin v27.4 - https:\/\/yoast.com\/product\/yoast-seo-wordpress\/ -->\n<title>Avril est le Mois national de la po\u00e9sie - Biblioth\u00e8que Champlain<\/title>\n<meta name=\"robots\" content=\"index, follow, max-snippet:-1, max-image-preview:large, max-video-preview:-1\" \/>\n<link rel=\"canonical\" href=\"https:\/\/bc-cl.ca\/fr\/avril-est-le-mois-national-de-la-poesie\/\" \/>\n<meta property=\"og:locale\" content=\"fr_FR\" \/>\n<meta property=\"og:type\" content=\"article\" \/>\n<meta property=\"og:title\" content=\"Avril est le Mois national de la po\u00e9sie - Biblioth\u00e8que Champlain\" \/>\n<meta property=\"og:description\" content=\"Avril est le Mois national de la po\u00e9sie et la Biblioth\u00e8que Champlain est \u00e0 la recherche de po\u00e8mes. Le personnel de la biblioth\u00e8que veut savoir ce qui suit. Quels po\u00e8mes [&hellip;]\" \/>\n<meta property=\"og:url\" content=\"https:\/\/bc-cl.ca\/fr\/avril-est-le-mois-national-de-la-poesie\/\" \/>\n<meta property=\"og:site_name\" content=\"Biblioth\u00e8que Champlain\" \/>\n<meta property=\"article:published_time\" content=\"2021-04-07T16:41:08+00:00\" \/>\n<meta property=\"article:modified_time\" content=\"2021-04-12T21:12:37+00:00\" \/>\n<meta property=\"og:image\" content=\"https:\/\/bc-cl.ca\/wp-content\/uploads\/2021\/04\/Poetry-Month.png\" \/>\n\t<meta property=\"og:image:width\" content=\"279\" \/>\n\t<meta property=\"og:image:height\" content=\"180\" \/>\n\t<meta property=\"og:image:type\" content=\"image\/png\" \/>\n<meta name=\"author\" content=\"champlainlib\" \/>\n<meta name=\"twitter:card\" content=\"summary_large_image\" \/>\n<meta name=\"twitter:label1\" content=\"\u00c9crit par\" \/>\n\t<meta name=\"twitter:data1\" content=\"champlainlib\" \/>\n\t<meta name=\"twitter:label2\" content=\"Dur\u00e9e de lecture estim\u00e9e\" \/>\n\t<meta name=\"twitter:data2\" content=\"1 minute\" \/>\n<script type=\"application\/ld+json\" class=\"yoast-schema-graph\">{\"@context\":\"https:\\\/\\\/schema.org\",\"@graph\":[{\"@type\":\"Article\",\"@id\":\"https:\\\/\\\/bc-cl.ca\\\/fr\\\/avril-est-le-mois-national-de-la-poesie\\\/#article\",\"isPartOf\":{\"@id\":\"https:\\\/\\\/bc-cl.ca\\\/fr\\\/avril-est-le-mois-national-de-la-poesie\\\/\"},\"author\":{\"name\":\"champlainlib\",\"@id\":\"https:\\\/\\\/bc-cl.ca\\\/fr\\\/#\\\/schema\\\/person\\\/dea3e8eaa9c293cb56f1ae615362367c\"},\"headline\":\"Avril est le Mois national de la po\u00e9sie\",\"datePublished\":\"2021-04-07T16:41:08+00:00\",\"dateModified\":\"2021-04-12T21:12:37+00:00\",\"mainEntityOfPage\":{\"@id\":\"https:\\\/\\\/bc-cl.ca\\\/fr\\\/avril-est-le-mois-national-de-la-poesie\\\/\"},\"wordCount\":174,\"image\":{\"@id\":\"https:\\\/\\\/bc-cl.ca\\\/fr\\\/avril-est-le-mois-national-de-la-poesie\\\/#primaryimage\"},\"thumbnailUrl\":\"https:\\\/\\\/bc-cl.ca\\\/wp-content\\\/uploads\\\/2021\\\/04\\\/Poetry-Month.png\",\"articleSection\":[\"Non classifi\u00e9(e)\"],\"inLanguage\":\"fr-FR\"},{\"@type\":\"WebPage\",\"@id\":\"https:\\\/\\\/bc-cl.ca\\\/fr\\\/avril-est-le-mois-national-de-la-poesie\\\/\",\"url\":\"https:\\\/\\\/bc-cl.ca\\\/fr\\\/avril-est-le-mois-national-de-la-poesie\\\/\",\"name\":\"Avril est le Mois national de la po\u00e9sie - Biblioth\u00e8que Champlain\",\"isPartOf\":{\"@id\":\"https:\\\/\\\/bc-cl.ca\\\/fr\\\/#website\"},\"primaryImageOfPage\":{\"@id\":\"https:\\\/\\\/bc-cl.ca\\\/fr\\\/avril-est-le-mois-national-de-la-poesie\\\/#primaryimage\"},\"image\":{\"@id\":\"https:\\\/\\\/bc-cl.ca\\\/fr\\\/avril-est-le-mois-national-de-la-poesie\\\/#primaryimage\"},\"thumbnailUrl\":\"https:\\\/\\\/bc-cl.ca\\\/wp-content\\\/uploads\\\/2021\\\/04\\\/Poetry-Month.png\",\"datePublished\":\"2021-04-07T16:41:08+00:00\",\"dateModified\":\"2021-04-12T21:12:37+00:00\",\"author\":{\"@id\":\"https:\\\/\\\/bc-cl.ca\\\/fr\\\/#\\\/schema\\\/person\\\/dea3e8eaa9c293cb56f1ae615362367c\"},\"breadcrumb\":{\"@id\":\"https:\\\/\\\/bc-cl.ca\\\/fr\\\/avril-est-le-mois-national-de-la-poesie\\\/#breadcrumb\"},\"inLanguage\":\"fr-FR\",\"potentialAction\":[{\"@type\":\"ReadAction\",\"target\":[\"https:\\\/\\\/bc-cl.ca\\\/fr\\\/avril-est-le-mois-national-de-la-poesie\\\/\"]}]},{\"@type\":\"ImageObject\",\"inLanguage\":\"fr-FR\",\"@id\":\"https:\\\/\\\/bc-cl.ca\\\/fr\\\/avril-est-le-mois-national-de-la-poesie\\\/#primaryimage\",\"url\":\"https:\\\/\\\/bc-cl.ca\\\/wp-content\\\/uploads\\\/2021\\\/04\\\/Poetry-Month.png\",\"contentUrl\":\"https:\\\/\\\/bc-cl.ca\\\/wp-content\\\/uploads\\\/2021\\\/04\\\/Poetry-Month.png\",\"width\":279,\"height\":180},{\"@type\":\"BreadcrumbList\",\"@id\":\"https:\\\/\\\/bc-cl.ca\\\/fr\\\/avril-est-le-mois-national-de-la-poesie\\\/#breadcrumb\",\"itemListElement\":[{\"@type\":\"ListItem\",\"position\":1,\"name\":\"Home\",\"item\":\"https:\\\/\\\/bc-cl.ca\\\/fr\\\/\"},{\"@type\":\"ListItem\",\"position\":2,\"name\":\"Avril est le Mois national de la po\u00e9sie\"}]},{\"@type\":\"WebSite\",\"@id\":\"https:\\\/\\\/bc-cl.ca\\\/fr\\\/#website\",\"url\":\"https:\\\/\\\/bc-cl.ca\\\/fr\\\/\",\"name\":\"Biblioth\u00e8que Champlain\",\"description\":\"Encourager la joie de lire et l'apprentissage tout au long de la vie.\",\"potentialAction\":[{\"@type\":\"SearchAction\",\"target\":{\"@type\":\"EntryPoint\",\"urlTemplate\":\"https:\\\/\\\/bc-cl.ca\\\/fr\\\/?s={search_term_string}\"},\"query-input\":{\"@type\":\"PropertyValueSpecification\",\"valueRequired\":true,\"valueName\":\"search_term_string\"}}],\"inLanguage\":\"fr-FR\"},{\"@type\":\"Person\",\"@id\":\"https:\\\/\\\/bc-cl.ca\\\/fr\\\/#\\\/schema\\\/person\\\/dea3e8eaa9c293cb56f1ae615362367c\",\"name\":\"champlainlib\",\"image\":{\"@type\":\"ImageObject\",\"inLanguage\":\"fr-FR\",\"@id\":\"https:\\\/\\\/secure.gravatar.com\\\/avatar\\\/b9e94cd9071dbe6cdadd455629af9a8cceb2b61274e4c60cb4a40fe52d2ca582?s=96&d=mm&r=g\",\"url\":\"https:\\\/\\\/secure.gravatar.com\\\/avatar\\\/b9e94cd9071dbe6cdadd455629af9a8cceb2b61274e4c60cb4a40fe52d2ca582?s=96&d=mm&r=g\",\"contentUrl\":\"https:\\\/\\\/secure.gravatar.com\\\/avatar\\\/b9e94cd9071dbe6cdadd455629af9a8cceb2b61274e4c60cb4a40fe52d2ca582?s=96&d=mm&r=g\",\"caption\":\"champlainlib\"},\"sameAs\":[\"https:\\\/\\\/bc-cl.ca\"],\"url\":\"https:\\\/\\\/bc-cl.ca\\\/fr\\\/author\\\/champlainlib\\\/\"}]}<\/script>\n<!-- \/ Yoast SEO plugin. -->","yoast_head_json":{"title":"Avril est le Mois national de la po\u00e9sie - Biblioth\u00e8que Champlain","robots":{"index":"index","follow":"follow","max-snippet":"max-snippet:-1","max-image-preview":"max-image-preview:large","max-video-preview":"max-video-preview:-1"},"canonical":"https:\/\/bc-cl.ca\/fr\/avril-est-le-mois-national-de-la-poesie\/","og_locale":"fr_FR","og_type":"article","og_title":"Avril est le Mois national de la po\u00e9sie - Biblioth\u00e8que Champlain","og_description":"Avril est le Mois national de la po\u00e9sie et la Biblioth\u00e8que Champlain est \u00e0 la recherche de po\u00e8mes. Le personnel de la biblioth\u00e8que veut savoir ce qui suit. Quels po\u00e8mes [&hellip;]","og_url":"https:\/\/bc-cl.ca\/fr\/avril-est-le-mois-national-de-la-poesie\/","og_site_name":"Biblioth\u00e8que Champlain","article_published_time":"2021-04-07T16:41:08+00:00","article_modified_time":"2021-04-12T21:12:37+00:00","og_image":[{"width":279,"height":180,"url":"https:\/\/bc-cl.ca\/wp-content\/uploads\/2021\/04\/Poetry-Month.png","type":"image\/png"}],"author":"champlainlib","twitter_card":"summary_large_image","twitter_misc":{"\u00c9crit par":"champlainlib","Dur\u00e9e de lecture estim\u00e9e":"1 minute"},"schema":{"@context":"https:\/\/schema.org","@graph":[{"@type":"Article","@id":"https:\/\/bc-cl.ca\/fr\/avril-est-le-mois-national-de-la-poesie\/#article","isPartOf":{"@id":"https:\/\/bc-cl.ca\/fr\/avril-est-le-mois-national-de-la-poesie\/"},"author":{"name":"champlainlib","@id":"https:\/\/bc-cl.ca\/fr\/#\/schema\/person\/dea3e8eaa9c293cb56f1ae615362367c"},"headline":"Avril est le Mois national de la po\u00e9sie","datePublished":"2021-04-07T16:41:08+00:00","dateModified":"2021-04-12T21:12:37+00:00","mainEntityOfPage":{"@id":"https:\/\/bc-cl.ca\/fr\/avril-est-le-mois-national-de-la-poesie\/"},"wordCount":174,"image":{"@id":"https:\/\/bc-cl.ca\/fr\/avril-est-le-mois-national-de-la-poesie\/#primaryimage"},"thumbnailUrl":"https:\/\/bc-cl.ca\/wp-content\/uploads\/2021\/04\/Poetry-Month.png","articleSection":["Non classifi\u00e9(e)"],"inLanguage":"fr-FR"},{"@type":"WebPage","@id":"https:\/\/bc-cl.ca\/fr\/avril-est-le-mois-national-de-la-poesie\/","url":"https:\/\/bc-cl.ca\/fr\/avril-est-le-mois-national-de-la-poesie\/","name":"Avril est le Mois national de la po\u00e9sie - Biblioth\u00e8que Champlain","isPartOf":{"@id":"https:\/\/bc-cl.ca\/fr\/#website"},"primaryImageOfPage":{"@id":"https:\/\/bc-cl.ca\/fr\/avril-est-le-mois-national-de-la-poesie\/#primaryimage"},"image":{"@id":"https:\/\/bc-cl.ca\/fr\/avril-est-le-mois-national-de-la-poesie\/#primaryimage"},"thumbnailUrl":"https:\/\/bc-cl.ca\/wp-content\/uploads\/2021\/04\/Poetry-Month.png","datePublished":"2021-04-07T16:41:08+00:00","dateModified":"2021-04-12T21:12:37+00:00","author":{"@id":"https:\/\/bc-cl.ca\/fr\/#\/schema\/person\/dea3e8eaa9c293cb56f1ae615362367c"},"breadcrumb":{"@id":"https:\/\/bc-cl.ca\/fr\/avril-est-le-mois-national-de-la-poesie\/#breadcrumb"},"inLanguage":"fr-FR","potentialAction":[{"@type":"ReadAction","target":["https:\/\/bc-cl.ca\/fr\/avril-est-le-mois-national-de-la-poesie\/"]}]},{"@type":"ImageObject","inLanguage":"fr-FR","@id":"https:\/\/bc-cl.ca\/fr\/avril-est-le-mois-national-de-la-poesie\/#primaryimage","url":"https:\/\/bc-cl.ca\/wp-content\/uploads\/2021\/04\/Poetry-Month.png","contentUrl":"https:\/\/bc-cl.ca\/wp-content\/uploads\/2021\/04\/Poetry-Month.png","width":279,"height":180},{"@type":"BreadcrumbList","@id":"https:\/\/bc-cl.ca\/fr\/avril-est-le-mois-national-de-la-poesie\/#breadcrumb","itemListElement":[{"@type":"ListItem","position":1,"name":"Home","item":"https:\/\/bc-cl.ca\/fr\/"},{"@type":"ListItem","position":2,"name":"Avril est le Mois national de la po\u00e9sie"}]},{"@type":"WebSite","@id":"https:\/\/bc-cl.ca\/fr\/#website","url":"https:\/\/bc-cl.ca\/fr\/","name":"Biblioth\u00e8que Champlain","description":"Encourager la joie de lire et l'apprentissage tout au long de la vie.","potentialAction":[{"@type":"SearchAction","target":{"@type":"EntryPoint","urlTemplate":"https:\/\/bc-cl.ca\/fr\/?s={search_term_string}"},"query-input":{"@type":"PropertyValueSpecification","valueRequired":true,"valueName":"search_term_string"}}],"inLanguage":"fr-FR"},{"@type":"Person","@id":"https:\/\/bc-cl.ca\/fr\/#\/schema\/person\/dea3e8eaa9c293cb56f1ae615362367c","name":"champlainlib","image":{"@type":"ImageObject","inLanguage":"fr-FR","@id":"https:\/\/secure.gravatar.com\/avatar\/b9e94cd9071dbe6cdadd455629af9a8cceb2b61274e4c60cb4a40fe52d2ca582?s=96&d=mm&r=g","url":"https:\/\/secure.gravatar.com\/avatar\/b9e94cd9071dbe6cdadd455629af9a8cceb2b61274e4c60cb4a40fe52d2ca582?s=96&d=mm&r=g","contentUrl":"https:\/\/secure.gravatar.com\/avatar\/b9e94cd9071dbe6cdadd455629af9a8cceb2b61274e4c60cb4a40fe52d2ca582?s=96&d=mm&r=g","caption":"champlainlib"},"sameAs":["https:\/\/bc-cl.ca"],"url":"https:\/\/bc-cl.ca\/fr\/author\/champlainlib\/"}]}},"_links":{"self":[{"href":"https:\/\/bc-cl.ca\/fr\/wp-json\/wp\/v2\/posts\/2446","targetHints":{"allow":["GET"]}}],"collection":[{"href":"https:\/\/bc-cl.ca\/fr\/wp-json\/wp\/v2\/posts"}],"about":[{"href":"https:\/\/bc-cl.ca\/fr\/wp-json\/wp\/v2\/types\/post"}],"author":[{"embeddable":true,"href":"https:\/\/bc-cl.ca\/fr\/wp-json\/wp\/v2\/users\/1"}],"replies":[{"embeddable":true,"href":"https:\/\/bc-cl.ca\/fr\/wp-json\/wp\/v2\/comments?post=2446"}],"version-history":[{"count":0,"href":"https:\/\/bc-cl.ca\/fr\/wp-json\/wp\/v2\/posts\/2446\/revisions"}],"wp:featuredmedia":[{"embeddable":true,"href":"https:\/\/bc-cl.ca\/fr\/wp-json\/wp\/v2\/media\/2427"}],"wp:attachment":[{"href":"https:\/\/bc-cl.ca\/fr\/wp-json\/wp\/v2\/media?parent=2446"}],"wp:term":[{"taxonomy":"category","embeddable":true,"href":"https:\/\/bc-cl.ca\/fr\/wp-json\/wp\/v2\/categories?post=2446"},{"taxonomy":"post_tag","embeddable":true,"href":"https:\/\/bc-cl.ca\/fr\/wp-json\/wp\/v2\/tags?post=2446"}],"curies":[{"name":"wp","href":"https:\/\/api.w.org\/{rel}","templated":true}]}}