{"id":2388,"date":"2021-04-06T10:44:05","date_gmt":"2021-04-06T14:44:05","guid":{"rendered":"https:\/\/bc-cl.ca\/2021\/04\/la-bibliotheque-ramene-des-abeilles-et-des-papillons-dans-le-quartier\/"},"modified":"2021-04-06T11:46:22","modified_gmt":"2021-04-06T15:46:22","slug":"la-bibliotheque-ramene-des-abeilles-et-des-papillons-dans-le-quartier","status":"publish","type":"post","link":"https:\/\/bc-cl.ca\/fr\/la-bibliotheque-ramene-des-abeilles-et-des-papillons-dans-le-quartier\/","title":{"rendered":"La biblioth\u00e8que ram\u00e8ne des abeilles et des papillons dans le quartier"},"content":{"rendered":"\n<p>La Biblioth\u00e8que Champlain est tr\u00e8s heureuse d\u2019annoncer qu\u2019elle a \u00e9t\u00e9 accept\u00e9e comme Garde forestier pour le projet l&rsquo;Effet Papillon de la Fondation David Suzuki. Le projet L&rsquo;effect Papillon vise \u00e0 \u00e9tablir un habitat pour les abeilles et les papillons locaux dans les collectivit\u00e9s de tout le pays. Le projet a \u00e9t\u00e9 lanc\u00e9 en 2017 et, au cours des quatre premi\u00e8res ann\u00e9es, 1 008 b\u00e9n\u00e9voles du projet ont plant\u00e9 plus de 54 000 fleurs sauvages indig\u00e8nes dans plus de 1 000 parcelles de pollinisateurs dans plus de 100 collectivit\u00e9s.<\/p>\n\n<p>La biblioth\u00e8que est charg\u00e9e d\u2019organiser une petite \u00e9quipe locale pour les aider \u00e0 planter au moins une douzaine de parcelles de pollinisateurs. Alicia Heinzle, biblioth\u00e9caire des Services \u00e0 l\u2019enfance, recrute actuellement des membres de la communaut\u00e9 qui seraient int\u00e9ress\u00e9s \u00e0 fournir une parcelle de pollinisateur (peut-\u00eatre sur leur pelouse, dans un pot, une vieille brouette ou un buggy, etc.) pour planter et est \u00e9galement \u00e0 la recherche de plantes et de fleurs indig\u00e8nes. Les plantations fournissent un habitat pour soutenir les insectes locaux comme les abeilles sauvages et les papillons, tout en rendant le quartier plus vert, plus sain et plus sauvage. Si vous souhaitez aider la Biblioth\u00e8que Champlain dans ce projet, veuillez communiquer avec la biblioth\u00e8que \u00e0 library@bc-cl.ca.<\/p>\n","protected":false},"excerpt":{"rendered":"<p>La Biblioth\u00e8que Champlain est tr\u00e8s heureuse d\u2019annoncer qu\u2019elle a \u00e9t\u00e9 accept\u00e9e comme Garde forestier pour le projet l&rsquo;Effet Papillon de la Fondation David Suzuki. Le projet L&rsquo;effect Papillon vise \u00e0 [&hellip;]<\/p>\n","protected":false},"author":1,"featured_media":2363,"comment_status":"closed","ping_status":"open","sticky":false,"template":"","format":"standard","meta":{"_acf_changed":false,"_et_pb_use_builder":"off","_et_pb_old_content":"","_et_gb_content_width":"","footnotes":""},"categories":[2],"tags":[],"class_list":["post-2388","post","type-post","status-publish","format-standard","has-post-thumbnail","hentry","category-non-classifiee"],"acf":[],"yoast_head":"<!-- This site is optimized with the Yoast SEO plugin v27.4 - https:\/\/yoast.com\/product\/yoast-seo-wordpress\/ -->\n<title>La biblioth\u00e8que ram\u00e8ne des abeilles et des papillons dans le quartier - Biblioth\u00e8que Champlain<\/title>\n<meta name=\"robots\" content=\"index, follow, max-snippet:-1, max-image-preview:large, max-video-preview:-1\" \/>\n<link rel=\"canonical\" href=\"https:\/\/bc-cl.ca\/fr\/la-bibliotheque-ramene-des-abeilles-et-des-papillons-dans-le-quartier\/\" \/>\n<meta property=\"og:locale\" content=\"fr_FR\" \/>\n<meta property=\"og:type\" content=\"article\" \/>\n<meta property=\"og:title\" content=\"La biblioth\u00e8que ram\u00e8ne des abeilles et des papillons dans le quartier - Biblioth\u00e8que Champlain\" \/>\n<meta property=\"og:description\" content=\"La Biblioth\u00e8que Champlain est tr\u00e8s heureuse d\u2019annoncer qu\u2019elle a \u00e9t\u00e9 accept\u00e9e comme Garde forestier pour le projet l&rsquo;Effet Papillon de la Fondation David Suzuki. Le projet L&rsquo;effect Papillon vise \u00e0 [&hellip;]\" \/>\n<meta property=\"og:url\" content=\"https:\/\/bc-cl.ca\/fr\/la-bibliotheque-ramene-des-abeilles-et-des-papillons-dans-le-quartier\/\" \/>\n<meta property=\"og:site_name\" content=\"Biblioth\u00e8que Champlain\" \/>\n<meta property=\"article:published_time\" content=\"2021-04-06T14:44:05+00:00\" \/>\n<meta property=\"article:modified_time\" content=\"2021-04-06T15:46:22+00:00\" \/>\n<meta property=\"og:image\" content=\"https:\/\/bc-cl.ca\/wp-content\/uploads\/2021\/04\/Butterflyway-project.png\" \/>\n\t<meta property=\"og:image:width\" content=\"370\" \/>\n\t<meta property=\"og:image:height\" content=\"136\" \/>\n\t<meta property=\"og:image:type\" content=\"image\/png\" \/>\n<meta name=\"author\" content=\"champlainlib\" \/>\n<meta name=\"twitter:card\" content=\"summary_large_image\" \/>\n<meta name=\"twitter:label1\" content=\"\u00c9crit par\" \/>\n\t<meta name=\"twitter:data1\" content=\"champlainlib\" \/>\n\t<meta name=\"twitter:label2\" content=\"Dur\u00e9e de lecture estim\u00e9e\" \/>\n\t<meta name=\"twitter:data2\" content=\"1 minute\" \/>\n<script type=\"application\/ld+json\" class=\"yoast-schema-graph\">{\"@context\":\"https:\\\/\\\/schema.org\",\"@graph\":[{\"@type\":\"Article\",\"@id\":\"https:\\\/\\\/bc-cl.ca\\\/fr\\\/la-bibliotheque-ramene-des-abeilles-et-des-papillons-dans-le-quartier\\\/#article\",\"isPartOf\":{\"@id\":\"https:\\\/\\\/bc-cl.ca\\\/fr\\\/la-bibliotheque-ramene-des-abeilles-et-des-papillons-dans-le-quartier\\\/\"},\"author\":{\"name\":\"champlainlib\",\"@id\":\"https:\\\/\\\/bc-cl.ca\\\/fr\\\/#\\\/schema\\\/person\\\/dea3e8eaa9c293cb56f1ae615362367c\"},\"headline\":\"La biblioth\u00e8que ram\u00e8ne des abeilles et des papillons dans le quartier\",\"datePublished\":\"2021-04-06T14:44:05+00:00\",\"dateModified\":\"2021-04-06T15:46:22+00:00\",\"mainEntityOfPage\":{\"@id\":\"https:\\\/\\\/bc-cl.ca\\\/fr\\\/la-bibliotheque-ramene-des-abeilles-et-des-papillons-dans-le-quartier\\\/\"},\"wordCount\":233,\"image\":{\"@id\":\"https:\\\/\\\/bc-cl.ca\\\/fr\\\/la-bibliotheque-ramene-des-abeilles-et-des-papillons-dans-le-quartier\\\/#primaryimage\"},\"thumbnailUrl\":\"https:\\\/\\\/bc-cl.ca\\\/wp-content\\\/uploads\\\/2021\\\/04\\\/Butterflyway-project.png\",\"articleSection\":[\"Non classifi\u00e9(e)\"],\"inLanguage\":\"fr-FR\"},{\"@type\":\"WebPage\",\"@id\":\"https:\\\/\\\/bc-cl.ca\\\/fr\\\/la-bibliotheque-ramene-des-abeilles-et-des-papillons-dans-le-quartier\\\/\",\"url\":\"https:\\\/\\\/bc-cl.ca\\\/fr\\\/la-bibliotheque-ramene-des-abeilles-et-des-papillons-dans-le-quartier\\\/\",\"name\":\"La biblioth\u00e8que ram\u00e8ne des abeilles et des papillons dans le quartier - Biblioth\u00e8que Champlain\",\"isPartOf\":{\"@id\":\"https:\\\/\\\/bc-cl.ca\\\/fr\\\/#website\"},\"primaryImageOfPage\":{\"@id\":\"https:\\\/\\\/bc-cl.ca\\\/fr\\\/la-bibliotheque-ramene-des-abeilles-et-des-papillons-dans-le-quartier\\\/#primaryimage\"},\"image\":{\"@id\":\"https:\\\/\\\/bc-cl.ca\\\/fr\\\/la-bibliotheque-ramene-des-abeilles-et-des-papillons-dans-le-quartier\\\/#primaryimage\"},\"thumbnailUrl\":\"https:\\\/\\\/bc-cl.ca\\\/wp-content\\\/uploads\\\/2021\\\/04\\\/Butterflyway-project.png\",\"datePublished\":\"2021-04-06T14:44:05+00:00\",\"dateModified\":\"2021-04-06T15:46:22+00:00\",\"author\":{\"@id\":\"https:\\\/\\\/bc-cl.ca\\\/fr\\\/#\\\/schema\\\/person\\\/dea3e8eaa9c293cb56f1ae615362367c\"},\"breadcrumb\":{\"@id\":\"https:\\\/\\\/bc-cl.ca\\\/fr\\\/la-bibliotheque-ramene-des-abeilles-et-des-papillons-dans-le-quartier\\\/#breadcrumb\"},\"inLanguage\":\"fr-FR\",\"potentialAction\":[{\"@type\":\"ReadAction\",\"target\":[\"https:\\\/\\\/bc-cl.ca\\\/fr\\\/la-bibliotheque-ramene-des-abeilles-et-des-papillons-dans-le-quartier\\\/\"]}]},{\"@type\":\"ImageObject\",\"inLanguage\":\"fr-FR\",\"@id\":\"https:\\\/\\\/bc-cl.ca\\\/fr\\\/la-bibliotheque-ramene-des-abeilles-et-des-papillons-dans-le-quartier\\\/#primaryimage\",\"url\":\"https:\\\/\\\/bc-cl.ca\\\/wp-content\\\/uploads\\\/2021\\\/04\\\/Butterflyway-project.png\",\"contentUrl\":\"https:\\\/\\\/bc-cl.ca\\\/wp-content\\\/uploads\\\/2021\\\/04\\\/Butterflyway-project.png\",\"width\":370,\"height\":136,\"caption\":\"Image d\u2019un papillon\"},{\"@type\":\"BreadcrumbList\",\"@id\":\"https:\\\/\\\/bc-cl.ca\\\/fr\\\/la-bibliotheque-ramene-des-abeilles-et-des-papillons-dans-le-quartier\\\/#breadcrumb\",\"itemListElement\":[{\"@type\":\"ListItem\",\"position\":1,\"name\":\"Home\",\"item\":\"https:\\\/\\\/bc-cl.ca\\\/fr\\\/\"},{\"@type\":\"ListItem\",\"position\":2,\"name\":\"La biblioth\u00e8que ram\u00e8ne des abeilles et des papillons dans le quartier\"}]},{\"@type\":\"WebSite\",\"@id\":\"https:\\\/\\\/bc-cl.ca\\\/fr\\\/#website\",\"url\":\"https:\\\/\\\/bc-cl.ca\\\/fr\\\/\",\"name\":\"Biblioth\u00e8que Champlain\",\"description\":\"Encourager la joie de lire et l'apprentissage tout au long de la vie.\",\"potentialAction\":[{\"@type\":\"SearchAction\",\"target\":{\"@type\":\"EntryPoint\",\"urlTemplate\":\"https:\\\/\\\/bc-cl.ca\\\/fr\\\/?s={search_term_string}\"},\"query-input\":{\"@type\":\"PropertyValueSpecification\",\"valueRequired\":true,\"valueName\":\"search_term_string\"}}],\"inLanguage\":\"fr-FR\"},{\"@type\":\"Person\",\"@id\":\"https:\\\/\\\/bc-cl.ca\\\/fr\\\/#\\\/schema\\\/person\\\/dea3e8eaa9c293cb56f1ae615362367c\",\"name\":\"champlainlib\",\"image\":{\"@type\":\"ImageObject\",\"inLanguage\":\"fr-FR\",\"@id\":\"https:\\\/\\\/secure.gravatar.com\\\/avatar\\\/b9e94cd9071dbe6cdadd455629af9a8cceb2b61274e4c60cb4a40fe52d2ca582?s=96&d=mm&r=g\",\"url\":\"https:\\\/\\\/secure.gravatar.com\\\/avatar\\\/b9e94cd9071dbe6cdadd455629af9a8cceb2b61274e4c60cb4a40fe52d2ca582?s=96&d=mm&r=g\",\"contentUrl\":\"https:\\\/\\\/secure.gravatar.com\\\/avatar\\\/b9e94cd9071dbe6cdadd455629af9a8cceb2b61274e4c60cb4a40fe52d2ca582?s=96&d=mm&r=g\",\"caption\":\"champlainlib\"},\"sameAs\":[\"https:\\\/\\\/bc-cl.ca\"],\"url\":\"https:\\\/\\\/bc-cl.ca\\\/fr\\\/author\\\/champlainlib\\\/\"}]}<\/script>\n<!-- \/ Yoast SEO plugin. -->","yoast_head_json":{"title":"La biblioth\u00e8que ram\u00e8ne des abeilles et des papillons dans le quartier - Biblioth\u00e8que Champlain","robots":{"index":"index","follow":"follow","max-snippet":"max-snippet:-1","max-image-preview":"max-image-preview:large","max-video-preview":"max-video-preview:-1"},"canonical":"https:\/\/bc-cl.ca\/fr\/la-bibliotheque-ramene-des-abeilles-et-des-papillons-dans-le-quartier\/","og_locale":"fr_FR","og_type":"article","og_title":"La biblioth\u00e8que ram\u00e8ne des abeilles et des papillons dans le quartier - Biblioth\u00e8que Champlain","og_description":"La Biblioth\u00e8que Champlain est tr\u00e8s heureuse d\u2019annoncer qu\u2019elle a \u00e9t\u00e9 accept\u00e9e comme Garde forestier pour le projet l&rsquo;Effet Papillon de la Fondation David Suzuki. Le projet L&rsquo;effect Papillon vise \u00e0 [&hellip;]","og_url":"https:\/\/bc-cl.ca\/fr\/la-bibliotheque-ramene-des-abeilles-et-des-papillons-dans-le-quartier\/","og_site_name":"Biblioth\u00e8que Champlain","article_published_time":"2021-04-06T14:44:05+00:00","article_modified_time":"2021-04-06T15:46:22+00:00","og_image":[{"width":370,"height":136,"url":"https:\/\/bc-cl.ca\/wp-content\/uploads\/2021\/04\/Butterflyway-project.png","type":"image\/png"}],"author":"champlainlib","twitter_card":"summary_large_image","twitter_misc":{"\u00c9crit par":"champlainlib","Dur\u00e9e de lecture estim\u00e9e":"1 minute"},"schema":{"@context":"https:\/\/schema.org","@graph":[{"@type":"Article","@id":"https:\/\/bc-cl.ca\/fr\/la-bibliotheque-ramene-des-abeilles-et-des-papillons-dans-le-quartier\/#article","isPartOf":{"@id":"https:\/\/bc-cl.ca\/fr\/la-bibliotheque-ramene-des-abeilles-et-des-papillons-dans-le-quartier\/"},"author":{"name":"champlainlib","@id":"https:\/\/bc-cl.ca\/fr\/#\/schema\/person\/dea3e8eaa9c293cb56f1ae615362367c"},"headline":"La biblioth\u00e8que ram\u00e8ne des abeilles et des papillons dans le quartier","datePublished":"2021-04-06T14:44:05+00:00","dateModified":"2021-04-06T15:46:22+00:00","mainEntityOfPage":{"@id":"https:\/\/bc-cl.ca\/fr\/la-bibliotheque-ramene-des-abeilles-et-des-papillons-dans-le-quartier\/"},"wordCount":233,"image":{"@id":"https:\/\/bc-cl.ca\/fr\/la-bibliotheque-ramene-des-abeilles-et-des-papillons-dans-le-quartier\/#primaryimage"},"thumbnailUrl":"https:\/\/bc-cl.ca\/wp-content\/uploads\/2021\/04\/Butterflyway-project.png","articleSection":["Non classifi\u00e9(e)"],"inLanguage":"fr-FR"},{"@type":"WebPage","@id":"https:\/\/bc-cl.ca\/fr\/la-bibliotheque-ramene-des-abeilles-et-des-papillons-dans-le-quartier\/","url":"https:\/\/bc-cl.ca\/fr\/la-bibliotheque-ramene-des-abeilles-et-des-papillons-dans-le-quartier\/","name":"La biblioth\u00e8que ram\u00e8ne des abeilles et des papillons dans le quartier - Biblioth\u00e8que Champlain","isPartOf":{"@id":"https:\/\/bc-cl.ca\/fr\/#website"},"primaryImageOfPage":{"@id":"https:\/\/bc-cl.ca\/fr\/la-bibliotheque-ramene-des-abeilles-et-des-papillons-dans-le-quartier\/#primaryimage"},"image":{"@id":"https:\/\/bc-cl.ca\/fr\/la-bibliotheque-ramene-des-abeilles-et-des-papillons-dans-le-quartier\/#primaryimage"},"thumbnailUrl":"https:\/\/bc-cl.ca\/wp-content\/uploads\/2021\/04\/Butterflyway-project.png","datePublished":"2021-04-06T14:44:05+00:00","dateModified":"2021-04-06T15:46:22+00:00","author":{"@id":"https:\/\/bc-cl.ca\/fr\/#\/schema\/person\/dea3e8eaa9c293cb56f1ae615362367c"},"breadcrumb":{"@id":"https:\/\/bc-cl.ca\/fr\/la-bibliotheque-ramene-des-abeilles-et-des-papillons-dans-le-quartier\/#breadcrumb"},"inLanguage":"fr-FR","potentialAction":[{"@type":"ReadAction","target":["https:\/\/bc-cl.ca\/fr\/la-bibliotheque-ramene-des-abeilles-et-des-papillons-dans-le-quartier\/"]}]},{"@type":"ImageObject","inLanguage":"fr-FR","@id":"https:\/\/bc-cl.ca\/fr\/la-bibliotheque-ramene-des-abeilles-et-des-papillons-dans-le-quartier\/#primaryimage","url":"https:\/\/bc-cl.ca\/wp-content\/uploads\/2021\/04\/Butterflyway-project.png","contentUrl":"https:\/\/bc-cl.ca\/wp-content\/uploads\/2021\/04\/Butterflyway-project.png","width":370,"height":136,"caption":"Image d\u2019un papillon"},{"@type":"BreadcrumbList","@id":"https:\/\/bc-cl.ca\/fr\/la-bibliotheque-ramene-des-abeilles-et-des-papillons-dans-le-quartier\/#breadcrumb","itemListElement":[{"@type":"ListItem","position":1,"name":"Home","item":"https:\/\/bc-cl.ca\/fr\/"},{"@type":"ListItem","position":2,"name":"La biblioth\u00e8que ram\u00e8ne des abeilles et des papillons dans le quartier"}]},{"@type":"WebSite","@id":"https:\/\/bc-cl.ca\/fr\/#website","url":"https:\/\/bc-cl.ca\/fr\/","name":"Biblioth\u00e8que Champlain","description":"Encourager la joie de lire et l'apprentissage tout au long de la vie.","potentialAction":[{"@type":"SearchAction","target":{"@type":"EntryPoint","urlTemplate":"https:\/\/bc-cl.ca\/fr\/?s={search_term_string}"},"query-input":{"@type":"PropertyValueSpecification","valueRequired":true,"valueName":"search_term_string"}}],"inLanguage":"fr-FR"},{"@type":"Person","@id":"https:\/\/bc-cl.ca\/fr\/#\/schema\/person\/dea3e8eaa9c293cb56f1ae615362367c","name":"champlainlib","image":{"@type":"ImageObject","inLanguage":"fr-FR","@id":"https:\/\/secure.gravatar.com\/avatar\/b9e94cd9071dbe6cdadd455629af9a8cceb2b61274e4c60cb4a40fe52d2ca582?s=96&d=mm&r=g","url":"https:\/\/secure.gravatar.com\/avatar\/b9e94cd9071dbe6cdadd455629af9a8cceb2b61274e4c60cb4a40fe52d2ca582?s=96&d=mm&r=g","contentUrl":"https:\/\/secure.gravatar.com\/avatar\/b9e94cd9071dbe6cdadd455629af9a8cceb2b61274e4c60cb4a40fe52d2ca582?s=96&d=mm&r=g","caption":"champlainlib"},"sameAs":["https:\/\/bc-cl.ca"],"url":"https:\/\/bc-cl.ca\/fr\/author\/champlainlib\/"}]}},"_links":{"self":[{"href":"https:\/\/bc-cl.ca\/fr\/wp-json\/wp\/v2\/posts\/2388","targetHints":{"allow":["GET"]}}],"collection":[{"href":"https:\/\/bc-cl.ca\/fr\/wp-json\/wp\/v2\/posts"}],"about":[{"href":"https:\/\/bc-cl.ca\/fr\/wp-json\/wp\/v2\/types\/post"}],"author":[{"embeddable":true,"href":"https:\/\/bc-cl.ca\/fr\/wp-json\/wp\/v2\/users\/1"}],"replies":[{"embeddable":true,"href":"https:\/\/bc-cl.ca\/fr\/wp-json\/wp\/v2\/comments?post=2388"}],"version-history":[{"count":0,"href":"https:\/\/bc-cl.ca\/fr\/wp-json\/wp\/v2\/posts\/2388\/revisions"}],"wp:featuredmedia":[{"embeddable":true,"href":"https:\/\/bc-cl.ca\/fr\/wp-json\/wp\/v2\/media\/2363"}],"wp:attachment":[{"href":"https:\/\/bc-cl.ca\/fr\/wp-json\/wp\/v2\/media?parent=2388"}],"wp:term":[{"taxonomy":"category","embeddable":true,"href":"https:\/\/bc-cl.ca\/fr\/wp-json\/wp\/v2\/categories?post=2388"},{"taxonomy":"post_tag","embeddable":true,"href":"https:\/\/bc-cl.ca\/fr\/wp-json\/wp\/v2\/tags?post=2388"}],"curies":[{"name":"wp","href":"https:\/\/api.w.org\/{rel}","templated":true}]}}