{"id":17129,"date":"2026-03-17T15:28:39","date_gmt":"2026-03-17T19:28:39","guid":{"rendered":"https:\/\/bc-cl.ca\/theme-de-la-reunion-dastronomie-de-mars\/"},"modified":"2026-03-17T15:28:40","modified_gmt":"2026-03-17T19:28:40","slug":"theme-de-la-reunion-dastronomie-de-mars","status":"publish","type":"post","link":"https:\/\/bc-cl.ca\/fr\/theme-de-la-reunion-dastronomie-de-mars\/","title":{"rendered":"Th\u00e8me de la r\u00e9union d&rsquo;astronomie de mars"},"content":{"rendered":"\n<p>Le club d&rsquo;astronomie tiendra sa prochaine r\u00e9union le lundi 23 f\u00e9vrier \u00e0 18h30 \u00e0 la biblioth\u00e8que.<\/p>\n\n<p>Le th\u00e8me de la discussion sera le suivant :<\/p>\n\n<p><strong>Les principes fondamentaux des trous noirs<\/strong><\/p>\n\n<p><em>De la taille d&rsquo;une \u00e9toile \u00e0 celle d&rsquo;un supermassif, ces puits de gravit\u00e9 jonchent notre galaxie et se retrouvent \u00e9galement dans l&rsquo;ensemble de l&rsquo;univers. Ces objets myst\u00e9rieux continuent de d\u00e9fier nos th\u00e9ories sur la r\u00e9alit\u00e9. En fait, il se peut que nous vivions actuellement dans l&rsquo;un d&rsquo;entre eux !  <\/em><\/p>\n\n<p><strong>Les nouveaux membres sont les bienvenus ! Veuillez noter que le club d&rsquo;astronomie est g\u00e9r\u00e9 par des b\u00e9n\u00e9voles et qu&rsquo;il n&rsquo;est actuellement propos\u00e9 qu&rsquo;en anglais. Aucune exp\u00e9rience n&rsquo;est n\u00e9cessaire.<\/strong><\/p>\n\n<p>\u00cates-vous curieux du cosmos ? Que vous soyez un astronome chevronn\u00e9 ou que vous commenciez tout juste \u00e0 explorer le ciel nocturne, le club d&rsquo;astronomie accueille toutes les personnes de 13 ans et plus ! Il se r\u00e9unit le <strong>dernier lundi de chaque mois \u00e0 18h30<\/strong> \u00e0 la biblioth\u00e8que pour explorer un nouveau sujet li\u00e9 \u00e0 l&rsquo;astronomie.   <\/p>\n\n<p>Le club est dirig\u00e9 par notre <strong>expert b\u00e9n\u00e9vole, Richard, qui dirige des programmes de sensibilisation \u00e0 l&rsquo;astronomie depuis 30 ans<\/strong> et qui est membre des sections de Montr\u00e9al et d&rsquo;Ottawa de la Soci\u00e9t\u00e9 royale d&rsquo;astronomie du Canada.<\/p>\n\n<p>Les discussions pass\u00e9es ont couvert un large \u00e9ventail de sujets fascinants, notamment les techniques d&rsquo;observation, les forces qui alimentent le Soleil, et m\u00eame la recherche de suintements de m\u00e9thane sur Terre pour nous aider \u00e0 comprendre le potentiel de vie sur Mars.<\/p>\n\n<p><a href=\"https:\/\/bc-cl.ca\/fr\/programmes-pour-adultes\/\" target=\"_blank\" rel=\"noreferrer noopener\">Essayez-le!<\/a><\/p>\n","protected":false},"excerpt":{"rendered":"<p>Le club d&rsquo;astronomie tiendra sa prochaine r\u00e9union le lundi 23 f\u00e9vrier \u00e0 18h30 \u00e0 la biblioth\u00e8que. Le th\u00e8me de la discussion sera le suivant : Les principes fondamentaux des trous [&hellip;]<\/p>\n","protected":false},"author":10,"featured_media":9608,"comment_status":"closed","ping_status":"open","sticky":false,"template":"","format":"standard","meta":{"_acf_changed":false,"_et_pb_use_builder":"off","_et_pb_old_content":"","_et_gb_content_width":"","footnotes":""},"categories":[2],"tags":[],"class_list":["post-17129","post","type-post","status-publish","format-standard","has-post-thumbnail","hentry","category-non-classifiee"],"acf":[],"yoast_head":"<!-- This site is optimized with the Yoast SEO plugin v27.4 - https:\/\/yoast.com\/product\/yoast-seo-wordpress\/ -->\n<title>Th\u00e8me de la r\u00e9union d&#039;astronomie de mars - Biblioth\u00e8que Champlain<\/title>\n<meta name=\"robots\" content=\"index, follow, max-snippet:-1, max-image-preview:large, max-video-preview:-1\" \/>\n<link rel=\"canonical\" href=\"https:\/\/bc-cl.ca\/fr\/theme-de-la-reunion-dastronomie-de-mars\/\" \/>\n<meta property=\"og:locale\" content=\"fr_FR\" \/>\n<meta property=\"og:type\" content=\"article\" \/>\n<meta property=\"og:title\" content=\"Th\u00e8me de la r\u00e9union d&#039;astronomie de mars - Biblioth\u00e8que Champlain\" \/>\n<meta property=\"og:description\" content=\"Le club d&rsquo;astronomie tiendra sa prochaine r\u00e9union le lundi 23 f\u00e9vrier \u00e0 18h30 \u00e0 la biblioth\u00e8que. Le th\u00e8me de la discussion sera le suivant : Les principes fondamentaux des trous [&hellip;]\" \/>\n<meta property=\"og:url\" content=\"https:\/\/bc-cl.ca\/fr\/theme-de-la-reunion-dastronomie-de-mars\/\" \/>\n<meta property=\"og:site_name\" content=\"Biblioth\u00e8que Champlain\" \/>\n<meta property=\"article:published_time\" content=\"2026-03-17T19:28:39+00:00\" \/>\n<meta property=\"article:modified_time\" content=\"2026-03-17T19:28:40+00:00\" \/>\n<meta property=\"og:image\" content=\"https:\/\/bc-cl.ca\/wp-content\/uploads\/2023\/09\/astronomy-scaled.jpg\" \/>\n\t<meta property=\"og:image:width\" content=\"2560\" \/>\n\t<meta property=\"og:image:height\" content=\"1440\" \/>\n\t<meta property=\"og:image:type\" content=\"image\/jpeg\" \/>\n<meta name=\"author\" content=\"Champlain Library\" \/>\n<meta name=\"twitter:card\" content=\"summary_large_image\" \/>\n<meta name=\"twitter:label1\" content=\"\u00c9crit par\" \/>\n\t<meta name=\"twitter:data1\" content=\"Champlain Library\" \/>\n\t<meta name=\"twitter:label2\" content=\"Dur\u00e9e de lecture estim\u00e9e\" \/>\n\t<meta name=\"twitter:data2\" content=\"1 minute\" \/>\n<script type=\"application\/ld+json\" class=\"yoast-schema-graph\">{\"@context\":\"https:\\\/\\\/schema.org\",\"@graph\":[{\"@type\":\"Article\",\"@id\":\"https:\\\/\\\/bc-cl.ca\\\/fr\\\/theme-de-la-reunion-dastronomie-de-mars\\\/#article\",\"isPartOf\":{\"@id\":\"https:\\\/\\\/bc-cl.ca\\\/fr\\\/theme-de-la-reunion-dastronomie-de-mars\\\/\"},\"author\":{\"name\":\"Champlain Library\",\"@id\":\"https:\\\/\\\/bc-cl.ca\\\/fr\\\/#\\\/schema\\\/person\\\/4778f41dbf2edbbd5e0493829b0c6f36\"},\"headline\":\"Th\u00e8me de la r\u00e9union d&rsquo;astronomie de mars\",\"datePublished\":\"2026-03-17T19:28:39+00:00\",\"dateModified\":\"2026-03-17T19:28:40+00:00\",\"mainEntityOfPage\":{\"@id\":\"https:\\\/\\\/bc-cl.ca\\\/fr\\\/theme-de-la-reunion-dastronomie-de-mars\\\/\"},\"wordCount\":279,\"image\":{\"@id\":\"https:\\\/\\\/bc-cl.ca\\\/fr\\\/theme-de-la-reunion-dastronomie-de-mars\\\/#primaryimage\"},\"thumbnailUrl\":\"https:\\\/\\\/bc-cl.ca\\\/wp-content\\\/uploads\\\/2023\\\/09\\\/astronomy-scaled.jpg\",\"articleSection\":[\"Non classifi\u00e9(e)\"],\"inLanguage\":\"fr-FR\"},{\"@type\":\"WebPage\",\"@id\":\"https:\\\/\\\/bc-cl.ca\\\/fr\\\/theme-de-la-reunion-dastronomie-de-mars\\\/\",\"url\":\"https:\\\/\\\/bc-cl.ca\\\/fr\\\/theme-de-la-reunion-dastronomie-de-mars\\\/\",\"name\":\"Th\u00e8me de la r\u00e9union d'astronomie de mars - Biblioth\u00e8que Champlain\",\"isPartOf\":{\"@id\":\"https:\\\/\\\/bc-cl.ca\\\/fr\\\/#website\"},\"primaryImageOfPage\":{\"@id\":\"https:\\\/\\\/bc-cl.ca\\\/fr\\\/theme-de-la-reunion-dastronomie-de-mars\\\/#primaryimage\"},\"image\":{\"@id\":\"https:\\\/\\\/bc-cl.ca\\\/fr\\\/theme-de-la-reunion-dastronomie-de-mars\\\/#primaryimage\"},\"thumbnailUrl\":\"https:\\\/\\\/bc-cl.ca\\\/wp-content\\\/uploads\\\/2023\\\/09\\\/astronomy-scaled.jpg\",\"datePublished\":\"2026-03-17T19:28:39+00:00\",\"dateModified\":\"2026-03-17T19:28:40+00:00\",\"author\":{\"@id\":\"https:\\\/\\\/bc-cl.ca\\\/fr\\\/#\\\/schema\\\/person\\\/4778f41dbf2edbbd5e0493829b0c6f36\"},\"breadcrumb\":{\"@id\":\"https:\\\/\\\/bc-cl.ca\\\/fr\\\/theme-de-la-reunion-dastronomie-de-mars\\\/#breadcrumb\"},\"inLanguage\":\"fr-FR\",\"potentialAction\":[{\"@type\":\"ReadAction\",\"target\":[\"https:\\\/\\\/bc-cl.ca\\\/fr\\\/theme-de-la-reunion-dastronomie-de-mars\\\/\"]}]},{\"@type\":\"ImageObject\",\"inLanguage\":\"fr-FR\",\"@id\":\"https:\\\/\\\/bc-cl.ca\\\/fr\\\/theme-de-la-reunion-dastronomie-de-mars\\\/#primaryimage\",\"url\":\"https:\\\/\\\/bc-cl.ca\\\/wp-content\\\/uploads\\\/2023\\\/09\\\/astronomy-scaled.jpg\",\"contentUrl\":\"https:\\\/\\\/bc-cl.ca\\\/wp-content\\\/uploads\\\/2023\\\/09\\\/astronomy-scaled.jpg\",\"width\":2560,\"height\":1440,\"caption\":\"T\u00e9lescope point\u00e9 vers le ciel \u00e9toil\u00e9\"},{\"@type\":\"BreadcrumbList\",\"@id\":\"https:\\\/\\\/bc-cl.ca\\\/fr\\\/theme-de-la-reunion-dastronomie-de-mars\\\/#breadcrumb\",\"itemListElement\":[{\"@type\":\"ListItem\",\"position\":1,\"name\":\"Home\",\"item\":\"https:\\\/\\\/bc-cl.ca\\\/fr\\\/\"},{\"@type\":\"ListItem\",\"position\":2,\"name\":\"Th\u00e8me de la r\u00e9union d&#8217;astronomie de mars\"}]},{\"@type\":\"WebSite\",\"@id\":\"https:\\\/\\\/bc-cl.ca\\\/fr\\\/#website\",\"url\":\"https:\\\/\\\/bc-cl.ca\\\/fr\\\/\",\"name\":\"Biblioth\u00e8que Champlain\",\"description\":\"Encourager la joie de lire et l'apprentissage tout au long de la vie.\",\"potentialAction\":[{\"@type\":\"SearchAction\",\"target\":{\"@type\":\"EntryPoint\",\"urlTemplate\":\"https:\\\/\\\/bc-cl.ca\\\/fr\\\/?s={search_term_string}\"},\"query-input\":{\"@type\":\"PropertyValueSpecification\",\"valueRequired\":true,\"valueName\":\"search_term_string\"}}],\"inLanguage\":\"fr-FR\"},{\"@type\":\"Person\",\"@id\":\"https:\\\/\\\/bc-cl.ca\\\/fr\\\/#\\\/schema\\\/person\\\/4778f41dbf2edbbd5e0493829b0c6f36\",\"name\":\"Champlain Library\",\"image\":{\"@type\":\"ImageObject\",\"inLanguage\":\"fr-FR\",\"@id\":\"https:\\\/\\\/secure.gravatar.com\\\/avatar\\\/ba08c52c7cfff82ae2580abe419bee4cb61526796ab3299186aacafc4789e9c4?s=96&d=mm&r=g\",\"url\":\"https:\\\/\\\/secure.gravatar.com\\\/avatar\\\/ba08c52c7cfff82ae2580abe419bee4cb61526796ab3299186aacafc4789e9c4?s=96&d=mm&r=g\",\"contentUrl\":\"https:\\\/\\\/secure.gravatar.com\\\/avatar\\\/ba08c52c7cfff82ae2580abe419bee4cb61526796ab3299186aacafc4789e9c4?s=96&d=mm&r=g\",\"caption\":\"Champlain Library\"},\"sameAs\":[\"https:\\\/\\\/bc-cl.ca\"],\"url\":\"https:\\\/\\\/bc-cl.ca\\\/fr\\\/author\\\/mike\\\/\"}]}<\/script>\n<!-- \/ Yoast SEO plugin. -->","yoast_head_json":{"title":"Th\u00e8me de la r\u00e9union d'astronomie de mars - Biblioth\u00e8que Champlain","robots":{"index":"index","follow":"follow","max-snippet":"max-snippet:-1","max-image-preview":"max-image-preview:large","max-video-preview":"max-video-preview:-1"},"canonical":"https:\/\/bc-cl.ca\/fr\/theme-de-la-reunion-dastronomie-de-mars\/","og_locale":"fr_FR","og_type":"article","og_title":"Th\u00e8me de la r\u00e9union d'astronomie de mars - Biblioth\u00e8que Champlain","og_description":"Le club d&rsquo;astronomie tiendra sa prochaine r\u00e9union le lundi 23 f\u00e9vrier \u00e0 18h30 \u00e0 la biblioth\u00e8que. Le th\u00e8me de la discussion sera le suivant : Les principes fondamentaux des trous [&hellip;]","og_url":"https:\/\/bc-cl.ca\/fr\/theme-de-la-reunion-dastronomie-de-mars\/","og_site_name":"Biblioth\u00e8que Champlain","article_published_time":"2026-03-17T19:28:39+00:00","article_modified_time":"2026-03-17T19:28:40+00:00","og_image":[{"width":2560,"height":1440,"url":"https:\/\/bc-cl.ca\/wp-content\/uploads\/2023\/09\/astronomy-scaled.jpg","type":"image\/jpeg"}],"author":"Champlain Library","twitter_card":"summary_large_image","twitter_misc":{"\u00c9crit par":"Champlain Library","Dur\u00e9e de lecture estim\u00e9e":"1 minute"},"schema":{"@context":"https:\/\/schema.org","@graph":[{"@type":"Article","@id":"https:\/\/bc-cl.ca\/fr\/theme-de-la-reunion-dastronomie-de-mars\/#article","isPartOf":{"@id":"https:\/\/bc-cl.ca\/fr\/theme-de-la-reunion-dastronomie-de-mars\/"},"author":{"name":"Champlain Library","@id":"https:\/\/bc-cl.ca\/fr\/#\/schema\/person\/4778f41dbf2edbbd5e0493829b0c6f36"},"headline":"Th\u00e8me de la r\u00e9union d&rsquo;astronomie de mars","datePublished":"2026-03-17T19:28:39+00:00","dateModified":"2026-03-17T19:28:40+00:00","mainEntityOfPage":{"@id":"https:\/\/bc-cl.ca\/fr\/theme-de-la-reunion-dastronomie-de-mars\/"},"wordCount":279,"image":{"@id":"https:\/\/bc-cl.ca\/fr\/theme-de-la-reunion-dastronomie-de-mars\/#primaryimage"},"thumbnailUrl":"https:\/\/bc-cl.ca\/wp-content\/uploads\/2023\/09\/astronomy-scaled.jpg","articleSection":["Non classifi\u00e9(e)"],"inLanguage":"fr-FR"},{"@type":"WebPage","@id":"https:\/\/bc-cl.ca\/fr\/theme-de-la-reunion-dastronomie-de-mars\/","url":"https:\/\/bc-cl.ca\/fr\/theme-de-la-reunion-dastronomie-de-mars\/","name":"Th\u00e8me de la r\u00e9union d'astronomie de mars - Biblioth\u00e8que Champlain","isPartOf":{"@id":"https:\/\/bc-cl.ca\/fr\/#website"},"primaryImageOfPage":{"@id":"https:\/\/bc-cl.ca\/fr\/theme-de-la-reunion-dastronomie-de-mars\/#primaryimage"},"image":{"@id":"https:\/\/bc-cl.ca\/fr\/theme-de-la-reunion-dastronomie-de-mars\/#primaryimage"},"thumbnailUrl":"https:\/\/bc-cl.ca\/wp-content\/uploads\/2023\/09\/astronomy-scaled.jpg","datePublished":"2026-03-17T19:28:39+00:00","dateModified":"2026-03-17T19:28:40+00:00","author":{"@id":"https:\/\/bc-cl.ca\/fr\/#\/schema\/person\/4778f41dbf2edbbd5e0493829b0c6f36"},"breadcrumb":{"@id":"https:\/\/bc-cl.ca\/fr\/theme-de-la-reunion-dastronomie-de-mars\/#breadcrumb"},"inLanguage":"fr-FR","potentialAction":[{"@type":"ReadAction","target":["https:\/\/bc-cl.ca\/fr\/theme-de-la-reunion-dastronomie-de-mars\/"]}]},{"@type":"ImageObject","inLanguage":"fr-FR","@id":"https:\/\/bc-cl.ca\/fr\/theme-de-la-reunion-dastronomie-de-mars\/#primaryimage","url":"https:\/\/bc-cl.ca\/wp-content\/uploads\/2023\/09\/astronomy-scaled.jpg","contentUrl":"https:\/\/bc-cl.ca\/wp-content\/uploads\/2023\/09\/astronomy-scaled.jpg","width":2560,"height":1440,"caption":"T\u00e9lescope point\u00e9 vers le ciel \u00e9toil\u00e9"},{"@type":"BreadcrumbList","@id":"https:\/\/bc-cl.ca\/fr\/theme-de-la-reunion-dastronomie-de-mars\/#breadcrumb","itemListElement":[{"@type":"ListItem","position":1,"name":"Home","item":"https:\/\/bc-cl.ca\/fr\/"},{"@type":"ListItem","position":2,"name":"Th\u00e8me de la r\u00e9union d&#8217;astronomie de mars"}]},{"@type":"WebSite","@id":"https:\/\/bc-cl.ca\/fr\/#website","url":"https:\/\/bc-cl.ca\/fr\/","name":"Biblioth\u00e8que Champlain","description":"Encourager la joie de lire et l'apprentissage tout au long de la vie.","potentialAction":[{"@type":"SearchAction","target":{"@type":"EntryPoint","urlTemplate":"https:\/\/bc-cl.ca\/fr\/?s={search_term_string}"},"query-input":{"@type":"PropertyValueSpecification","valueRequired":true,"valueName":"search_term_string"}}],"inLanguage":"fr-FR"},{"@type":"Person","@id":"https:\/\/bc-cl.ca\/fr\/#\/schema\/person\/4778f41dbf2edbbd5e0493829b0c6f36","name":"Champlain Library","image":{"@type":"ImageObject","inLanguage":"fr-FR","@id":"https:\/\/secure.gravatar.com\/avatar\/ba08c52c7cfff82ae2580abe419bee4cb61526796ab3299186aacafc4789e9c4?s=96&d=mm&r=g","url":"https:\/\/secure.gravatar.com\/avatar\/ba08c52c7cfff82ae2580abe419bee4cb61526796ab3299186aacafc4789e9c4?s=96&d=mm&r=g","contentUrl":"https:\/\/secure.gravatar.com\/avatar\/ba08c52c7cfff82ae2580abe419bee4cb61526796ab3299186aacafc4789e9c4?s=96&d=mm&r=g","caption":"Champlain Library"},"sameAs":["https:\/\/bc-cl.ca"],"url":"https:\/\/bc-cl.ca\/fr\/author\/mike\/"}]}},"_links":{"self":[{"href":"https:\/\/bc-cl.ca\/fr\/wp-json\/wp\/v2\/posts\/17129","targetHints":{"allow":["GET"]}}],"collection":[{"href":"https:\/\/bc-cl.ca\/fr\/wp-json\/wp\/v2\/posts"}],"about":[{"href":"https:\/\/bc-cl.ca\/fr\/wp-json\/wp\/v2\/types\/post"}],"author":[{"embeddable":true,"href":"https:\/\/bc-cl.ca\/fr\/wp-json\/wp\/v2\/users\/10"}],"replies":[{"embeddable":true,"href":"https:\/\/bc-cl.ca\/fr\/wp-json\/wp\/v2\/comments?post=17129"}],"version-history":[{"count":1,"href":"https:\/\/bc-cl.ca\/fr\/wp-json\/wp\/v2\/posts\/17129\/revisions"}],"predecessor-version":[{"id":17130,"href":"https:\/\/bc-cl.ca\/fr\/wp-json\/wp\/v2\/posts\/17129\/revisions\/17130"}],"wp:featuredmedia":[{"embeddable":true,"href":"https:\/\/bc-cl.ca\/fr\/wp-json\/wp\/v2\/media\/9608"}],"wp:attachment":[{"href":"https:\/\/bc-cl.ca\/fr\/wp-json\/wp\/v2\/media?parent=17129"}],"wp:term":[{"taxonomy":"category","embeddable":true,"href":"https:\/\/bc-cl.ca\/fr\/wp-json\/wp\/v2\/categories?post=17129"},{"taxonomy":"post_tag","embeddable":true,"href":"https:\/\/bc-cl.ca\/fr\/wp-json\/wp\/v2\/tags?post=17129"}],"curies":[{"name":"wp","href":"https:\/\/api.w.org\/{rel}","templated":true}]}}