{"id":10474,"date":"2024-03-06T11:01:45","date_gmt":"2024-03-06T16:01:45","guid":{"rendered":"https:\/\/bc-cl.ca\/2024\/03\/conge-de-mars-a-la-bibliotheque\/"},"modified":"2024-03-06T11:56:15","modified_gmt":"2024-03-06T16:56:15","slug":"conge-de-mars-a-la-bibliotheque","status":"publish","type":"post","link":"https:\/\/bc-cl.ca\/fr\/conge-de-mars-a-la-bibliotheque\/","title":{"rendered":"Cong\u00e9 de mars \u00e0 la biblioth\u00e8que"},"content":{"rendered":"\n<p><p>H\u00e9, les amis ! Le cong\u00e9 de mars arrive \u00e0 grands pas, et il se passe des choses \u00e0 la Biblioth\u00e8que Champlain que vous ne voudrez pas manquer !<\/p><\/p>\n\n<p><p>Le 11 mars \u00e0 15 heures, rejoignez-nous pour un bricolage de chenilles printani\u00e8res ! Cette activit\u00e9 est id\u00e9ale pour les 5 ans et plus, alors apportez votre cr\u00e9ativit\u00e9 et fabriquons ensemble des bestioles color\u00e9es. Le nombre de places \u00e9tant limit\u00e9, il convient de s&rsquo;<a href=\"https:\/\/bc-cl.ca\/fr\/programmes-pour-enfants\/\">inscrire<\/a>.<\/p><\/p>\n\n<p><p>Vous vous sentez chanceux ? Passez n&rsquo;importe quel jour de la pause et tentez de deviner combien de pi\u00e8ces d&rsquo;or se trouvent dans notre bocal. Il s&rsquo;agit de d\u00e9licieuses pi\u00e8ces en chocolat ! La personne qui aura devin\u00e9 le plus pr\u00e8s \u00e0 la fin de la semaine remportera le butin.<\/p><\/p>\n\n<p><p>Mais ce n&rsquo;est pas tout ! Passez nous voir \u00e0 tout moment pour acheter des livres, des films ou des jeux de soci\u00e9t\u00e9 pour vous amuser \u00e0 la maison. Nous avons m\u00eame quelques sacs d&rsquo;activit\u00e9s \u00e0 emporter contenant les trois, parfaits pour un divertissement rapide. Si vous voulez sortir de chez vous, nous avons des cartes d&rsquo;entr\u00e9e gratuites pour les mus\u00e9es !<\/p><\/p>\n\n<p><p>Entrez dans l&rsquo;esprit de la Saint-Patrick avec notre concours de coloriage qui commence cette semaine. Montrez vos talents artistiques et gagnez peut-\u00eatre un prix !<\/p><\/p>\n\n<p><p>D\u00e9couvrez ce qui vous attend apr\u00e8s les vacances de mars en consultant notre programme complet d&rsquo;\u00e9v\u00e9nements <a href=\"https:\/\/bc-cl.ca\/events\/\">ici<\/a> ou en nous suivant sur <a href=\"https:\/\/www.facebook.com\/bibliothequechamplainlibrary\">Facebook<\/a> ou <a href=\"https:\/\/www.instagram.com\/champlain_library\/\">Instagram<\/a>. Rendez-vous \u00e0 la biblioth\u00e8que !<\/p><\/p>\n","protected":false},"excerpt":{"rendered":"<p>H\u00e9, les amis ! Le cong\u00e9 de mars arrive \u00e0 grands pas, et il se passe des choses \u00e0 la Biblioth\u00e8que Champlain que vous ne voudrez pas manquer ! Le [&hellip;]<\/p>\n","protected":false},"author":10,"featured_media":10473,"comment_status":"closed","ping_status":"open","sticky":false,"template":"","format":"standard","meta":{"_acf_changed":false,"_et_pb_use_builder":"off","_et_pb_old_content":"","_et_gb_content_width":"","footnotes":""},"categories":[2],"tags":[],"class_list":["post-10474","post","type-post","status-publish","format-standard","has-post-thumbnail","hentry","category-non-classifiee"],"acf":[],"yoast_head":"<!-- This site is optimized with the Yoast SEO plugin v27.4 - https:\/\/yoast.com\/product\/yoast-seo-wordpress\/ -->\n<title>Cong\u00e9 de mars \u00e0 la biblioth\u00e8que - Biblioth\u00e8que Champlain<\/title>\n<meta name=\"robots\" content=\"index, follow, max-snippet:-1, max-image-preview:large, max-video-preview:-1\" \/>\n<link rel=\"canonical\" href=\"https:\/\/bc-cl.ca\/fr\/conge-de-mars-a-la-bibliotheque\/\" \/>\n<meta property=\"og:locale\" content=\"fr_FR\" \/>\n<meta property=\"og:type\" content=\"article\" \/>\n<meta property=\"og:title\" content=\"Cong\u00e9 de mars \u00e0 la biblioth\u00e8que - Biblioth\u00e8que Champlain\" \/>\n<meta property=\"og:description\" content=\"H\u00e9, les amis ! Le cong\u00e9 de mars arrive \u00e0 grands pas, et il se passe des choses \u00e0 la Biblioth\u00e8que Champlain que vous ne voudrez pas manquer ! Le [&hellip;]\" \/>\n<meta property=\"og:url\" content=\"https:\/\/bc-cl.ca\/fr\/conge-de-mars-a-la-bibliotheque\/\" \/>\n<meta property=\"og:site_name\" content=\"Biblioth\u00e8que Champlain\" \/>\n<meta property=\"article:published_time\" content=\"2024-03-06T16:01:45+00:00\" \/>\n<meta property=\"article:modified_time\" content=\"2024-03-06T16:56:15+00:00\" \/>\n<meta property=\"og:image\" content=\"https:\/\/bc-cl.ca\/wp-content\/uploads\/2024\/03\/M06_Default-PR-Photo-with-Logo.jpg\" \/>\n\t<meta property=\"og:image:width\" content=\"1228\" \/>\n\t<meta property=\"og:image:height\" content=\"691\" \/>\n\t<meta property=\"og:image:type\" content=\"image\/jpeg\" \/>\n<meta name=\"author\" content=\"Champlain Library\" \/>\n<meta name=\"twitter:card\" content=\"summary_large_image\" \/>\n<meta name=\"twitter:label1\" content=\"\u00c9crit par\" \/>\n\t<meta name=\"twitter:data1\" content=\"Champlain Library\" \/>\n\t<meta name=\"twitter:label2\" content=\"Dur\u00e9e de lecture estim\u00e9e\" \/>\n\t<meta name=\"twitter:data2\" content=\"1 minute\" \/>\n<script type=\"application\/ld+json\" class=\"yoast-schema-graph\">{\"@context\":\"https:\\\/\\\/schema.org\",\"@graph\":[{\"@type\":\"Article\",\"@id\":\"https:\\\/\\\/bc-cl.ca\\\/fr\\\/conge-de-mars-a-la-bibliotheque\\\/#article\",\"isPartOf\":{\"@id\":\"https:\\\/\\\/bc-cl.ca\\\/fr\\\/conge-de-mars-a-la-bibliotheque\\\/\"},\"author\":{\"name\":\"Champlain Library\",\"@id\":\"https:\\\/\\\/bc-cl.ca\\\/fr\\\/#\\\/schema\\\/person\\\/4778f41dbf2edbbd5e0493829b0c6f36\"},\"headline\":\"Cong\u00e9 de mars \u00e0 la biblioth\u00e8que\",\"datePublished\":\"2024-03-06T16:01:45+00:00\",\"dateModified\":\"2024-03-06T16:56:15+00:00\",\"mainEntityOfPage\":{\"@id\":\"https:\\\/\\\/bc-cl.ca\\\/fr\\\/conge-de-mars-a-la-bibliotheque\\\/\"},\"wordCount\":254,\"image\":{\"@id\":\"https:\\\/\\\/bc-cl.ca\\\/fr\\\/conge-de-mars-a-la-bibliotheque\\\/#primaryimage\"},\"thumbnailUrl\":\"https:\\\/\\\/bc-cl.ca\\\/wp-content\\\/uploads\\\/2024\\\/03\\\/M06_Default-PR-Photo-with-Logo.jpg\",\"articleSection\":[\"Non classifi\u00e9(e)\"],\"inLanguage\":\"fr-FR\"},{\"@type\":\"WebPage\",\"@id\":\"https:\\\/\\\/bc-cl.ca\\\/fr\\\/conge-de-mars-a-la-bibliotheque\\\/\",\"url\":\"https:\\\/\\\/bc-cl.ca\\\/fr\\\/conge-de-mars-a-la-bibliotheque\\\/\",\"name\":\"Cong\u00e9 de mars \u00e0 la biblioth\u00e8que - Biblioth\u00e8que Champlain\",\"isPartOf\":{\"@id\":\"https:\\\/\\\/bc-cl.ca\\\/fr\\\/#website\"},\"primaryImageOfPage\":{\"@id\":\"https:\\\/\\\/bc-cl.ca\\\/fr\\\/conge-de-mars-a-la-bibliotheque\\\/#primaryimage\"},\"image\":{\"@id\":\"https:\\\/\\\/bc-cl.ca\\\/fr\\\/conge-de-mars-a-la-bibliotheque\\\/#primaryimage\"},\"thumbnailUrl\":\"https:\\\/\\\/bc-cl.ca\\\/wp-content\\\/uploads\\\/2024\\\/03\\\/M06_Default-PR-Photo-with-Logo.jpg\",\"datePublished\":\"2024-03-06T16:01:45+00:00\",\"dateModified\":\"2024-03-06T16:56:15+00:00\",\"author\":{\"@id\":\"https:\\\/\\\/bc-cl.ca\\\/fr\\\/#\\\/schema\\\/person\\\/4778f41dbf2edbbd5e0493829b0c6f36\"},\"breadcrumb\":{\"@id\":\"https:\\\/\\\/bc-cl.ca\\\/fr\\\/conge-de-mars-a-la-bibliotheque\\\/#breadcrumb\"},\"inLanguage\":\"fr-FR\",\"potentialAction\":[{\"@type\":\"ReadAction\",\"target\":[\"https:\\\/\\\/bc-cl.ca\\\/fr\\\/conge-de-mars-a-la-bibliotheque\\\/\"]}]},{\"@type\":\"ImageObject\",\"inLanguage\":\"fr-FR\",\"@id\":\"https:\\\/\\\/bc-cl.ca\\\/fr\\\/conge-de-mars-a-la-bibliotheque\\\/#primaryimage\",\"url\":\"https:\\\/\\\/bc-cl.ca\\\/wp-content\\\/uploads\\\/2024\\\/03\\\/M06_Default-PR-Photo-with-Logo.jpg\",\"contentUrl\":\"https:\\\/\\\/bc-cl.ca\\\/wp-content\\\/uploads\\\/2024\\\/03\\\/M06_Default-PR-Photo-with-Logo.jpg\",\"width\":1228,\"height\":691,\"caption\":\"Faade of the library.\"},{\"@type\":\"BreadcrumbList\",\"@id\":\"https:\\\/\\\/bc-cl.ca\\\/fr\\\/conge-de-mars-a-la-bibliotheque\\\/#breadcrumb\",\"itemListElement\":[{\"@type\":\"ListItem\",\"position\":1,\"name\":\"Home\",\"item\":\"https:\\\/\\\/bc-cl.ca\\\/fr\\\/\"},{\"@type\":\"ListItem\",\"position\":2,\"name\":\"Cong\u00e9 de mars \u00e0 la biblioth\u00e8que\"}]},{\"@type\":\"WebSite\",\"@id\":\"https:\\\/\\\/bc-cl.ca\\\/fr\\\/#website\",\"url\":\"https:\\\/\\\/bc-cl.ca\\\/fr\\\/\",\"name\":\"Biblioth\u00e8que Champlain\",\"description\":\"Encourager la joie de lire et l'apprentissage tout au long de la vie.\",\"potentialAction\":[{\"@type\":\"SearchAction\",\"target\":{\"@type\":\"EntryPoint\",\"urlTemplate\":\"https:\\\/\\\/bc-cl.ca\\\/fr\\\/?s={search_term_string}\"},\"query-input\":{\"@type\":\"PropertyValueSpecification\",\"valueRequired\":true,\"valueName\":\"search_term_string\"}}],\"inLanguage\":\"fr-FR\"},{\"@type\":\"Person\",\"@id\":\"https:\\\/\\\/bc-cl.ca\\\/fr\\\/#\\\/schema\\\/person\\\/4778f41dbf2edbbd5e0493829b0c6f36\",\"name\":\"Champlain Library\",\"image\":{\"@type\":\"ImageObject\",\"inLanguage\":\"fr-FR\",\"@id\":\"https:\\\/\\\/secure.gravatar.com\\\/avatar\\\/ba08c52c7cfff82ae2580abe419bee4cb61526796ab3299186aacafc4789e9c4?s=96&d=mm&r=g\",\"url\":\"https:\\\/\\\/secure.gravatar.com\\\/avatar\\\/ba08c52c7cfff82ae2580abe419bee4cb61526796ab3299186aacafc4789e9c4?s=96&d=mm&r=g\",\"contentUrl\":\"https:\\\/\\\/secure.gravatar.com\\\/avatar\\\/ba08c52c7cfff82ae2580abe419bee4cb61526796ab3299186aacafc4789e9c4?s=96&d=mm&r=g\",\"caption\":\"Champlain Library\"},\"sameAs\":[\"https:\\\/\\\/bc-cl.ca\"],\"url\":\"https:\\\/\\\/bc-cl.ca\\\/fr\\\/author\\\/mike\\\/\"}]}<\/script>\n<!-- \/ Yoast SEO plugin. -->","yoast_head_json":{"title":"Cong\u00e9 de mars \u00e0 la biblioth\u00e8que - Biblioth\u00e8que Champlain","robots":{"index":"index","follow":"follow","max-snippet":"max-snippet:-1","max-image-preview":"max-image-preview:large","max-video-preview":"max-video-preview:-1"},"canonical":"https:\/\/bc-cl.ca\/fr\/conge-de-mars-a-la-bibliotheque\/","og_locale":"fr_FR","og_type":"article","og_title":"Cong\u00e9 de mars \u00e0 la biblioth\u00e8que - Biblioth\u00e8que Champlain","og_description":"H\u00e9, les amis ! Le cong\u00e9 de mars arrive \u00e0 grands pas, et il se passe des choses \u00e0 la Biblioth\u00e8que Champlain que vous ne voudrez pas manquer ! Le [&hellip;]","og_url":"https:\/\/bc-cl.ca\/fr\/conge-de-mars-a-la-bibliotheque\/","og_site_name":"Biblioth\u00e8que Champlain","article_published_time":"2024-03-06T16:01:45+00:00","article_modified_time":"2024-03-06T16:56:15+00:00","og_image":[{"width":1228,"height":691,"url":"https:\/\/bc-cl.ca\/wp-content\/uploads\/2024\/03\/M06_Default-PR-Photo-with-Logo.jpg","type":"image\/jpeg"}],"author":"Champlain Library","twitter_card":"summary_large_image","twitter_misc":{"\u00c9crit par":"Champlain Library","Dur\u00e9e de lecture estim\u00e9e":"1 minute"},"schema":{"@context":"https:\/\/schema.org","@graph":[{"@type":"Article","@id":"https:\/\/bc-cl.ca\/fr\/conge-de-mars-a-la-bibliotheque\/#article","isPartOf":{"@id":"https:\/\/bc-cl.ca\/fr\/conge-de-mars-a-la-bibliotheque\/"},"author":{"name":"Champlain Library","@id":"https:\/\/bc-cl.ca\/fr\/#\/schema\/person\/4778f41dbf2edbbd5e0493829b0c6f36"},"headline":"Cong\u00e9 de mars \u00e0 la biblioth\u00e8que","datePublished":"2024-03-06T16:01:45+00:00","dateModified":"2024-03-06T16:56:15+00:00","mainEntityOfPage":{"@id":"https:\/\/bc-cl.ca\/fr\/conge-de-mars-a-la-bibliotheque\/"},"wordCount":254,"image":{"@id":"https:\/\/bc-cl.ca\/fr\/conge-de-mars-a-la-bibliotheque\/#primaryimage"},"thumbnailUrl":"https:\/\/bc-cl.ca\/wp-content\/uploads\/2024\/03\/M06_Default-PR-Photo-with-Logo.jpg","articleSection":["Non classifi\u00e9(e)"],"inLanguage":"fr-FR"},{"@type":"WebPage","@id":"https:\/\/bc-cl.ca\/fr\/conge-de-mars-a-la-bibliotheque\/","url":"https:\/\/bc-cl.ca\/fr\/conge-de-mars-a-la-bibliotheque\/","name":"Cong\u00e9 de mars \u00e0 la biblioth\u00e8que - Biblioth\u00e8que Champlain","isPartOf":{"@id":"https:\/\/bc-cl.ca\/fr\/#website"},"primaryImageOfPage":{"@id":"https:\/\/bc-cl.ca\/fr\/conge-de-mars-a-la-bibliotheque\/#primaryimage"},"image":{"@id":"https:\/\/bc-cl.ca\/fr\/conge-de-mars-a-la-bibliotheque\/#primaryimage"},"thumbnailUrl":"https:\/\/bc-cl.ca\/wp-content\/uploads\/2024\/03\/M06_Default-PR-Photo-with-Logo.jpg","datePublished":"2024-03-06T16:01:45+00:00","dateModified":"2024-03-06T16:56:15+00:00","author":{"@id":"https:\/\/bc-cl.ca\/fr\/#\/schema\/person\/4778f41dbf2edbbd5e0493829b0c6f36"},"breadcrumb":{"@id":"https:\/\/bc-cl.ca\/fr\/conge-de-mars-a-la-bibliotheque\/#breadcrumb"},"inLanguage":"fr-FR","potentialAction":[{"@type":"ReadAction","target":["https:\/\/bc-cl.ca\/fr\/conge-de-mars-a-la-bibliotheque\/"]}]},{"@type":"ImageObject","inLanguage":"fr-FR","@id":"https:\/\/bc-cl.ca\/fr\/conge-de-mars-a-la-bibliotheque\/#primaryimage","url":"https:\/\/bc-cl.ca\/wp-content\/uploads\/2024\/03\/M06_Default-PR-Photo-with-Logo.jpg","contentUrl":"https:\/\/bc-cl.ca\/wp-content\/uploads\/2024\/03\/M06_Default-PR-Photo-with-Logo.jpg","width":1228,"height":691,"caption":"Faade of the library."},{"@type":"BreadcrumbList","@id":"https:\/\/bc-cl.ca\/fr\/conge-de-mars-a-la-bibliotheque\/#breadcrumb","itemListElement":[{"@type":"ListItem","position":1,"name":"Home","item":"https:\/\/bc-cl.ca\/fr\/"},{"@type":"ListItem","position":2,"name":"Cong\u00e9 de mars \u00e0 la biblioth\u00e8que"}]},{"@type":"WebSite","@id":"https:\/\/bc-cl.ca\/fr\/#website","url":"https:\/\/bc-cl.ca\/fr\/","name":"Biblioth\u00e8que Champlain","description":"Encourager la joie de lire et l'apprentissage tout au long de la vie.","potentialAction":[{"@type":"SearchAction","target":{"@type":"EntryPoint","urlTemplate":"https:\/\/bc-cl.ca\/fr\/?s={search_term_string}"},"query-input":{"@type":"PropertyValueSpecification","valueRequired":true,"valueName":"search_term_string"}}],"inLanguage":"fr-FR"},{"@type":"Person","@id":"https:\/\/bc-cl.ca\/fr\/#\/schema\/person\/4778f41dbf2edbbd5e0493829b0c6f36","name":"Champlain Library","image":{"@type":"ImageObject","inLanguage":"fr-FR","@id":"https:\/\/secure.gravatar.com\/avatar\/ba08c52c7cfff82ae2580abe419bee4cb61526796ab3299186aacafc4789e9c4?s=96&d=mm&r=g","url":"https:\/\/secure.gravatar.com\/avatar\/ba08c52c7cfff82ae2580abe419bee4cb61526796ab3299186aacafc4789e9c4?s=96&d=mm&r=g","contentUrl":"https:\/\/secure.gravatar.com\/avatar\/ba08c52c7cfff82ae2580abe419bee4cb61526796ab3299186aacafc4789e9c4?s=96&d=mm&r=g","caption":"Champlain Library"},"sameAs":["https:\/\/bc-cl.ca"],"url":"https:\/\/bc-cl.ca\/fr\/author\/mike\/"}]}},"_links":{"self":[{"href":"https:\/\/bc-cl.ca\/fr\/wp-json\/wp\/v2\/posts\/10474","targetHints":{"allow":["GET"]}}],"collection":[{"href":"https:\/\/bc-cl.ca\/fr\/wp-json\/wp\/v2\/posts"}],"about":[{"href":"https:\/\/bc-cl.ca\/fr\/wp-json\/wp\/v2\/types\/post"}],"author":[{"embeddable":true,"href":"https:\/\/bc-cl.ca\/fr\/wp-json\/wp\/v2\/users\/10"}],"replies":[{"embeddable":true,"href":"https:\/\/bc-cl.ca\/fr\/wp-json\/wp\/v2\/comments?post=10474"}],"version-history":[{"count":0,"href":"https:\/\/bc-cl.ca\/fr\/wp-json\/wp\/v2\/posts\/10474\/revisions"}],"wp:featuredmedia":[{"embeddable":true,"href":"https:\/\/bc-cl.ca\/fr\/wp-json\/wp\/v2\/media\/10473"}],"wp:attachment":[{"href":"https:\/\/bc-cl.ca\/fr\/wp-json\/wp\/v2\/media?parent=10474"}],"wp:term":[{"taxonomy":"category","embeddable":true,"href":"https:\/\/bc-cl.ca\/fr\/wp-json\/wp\/v2\/categories?post=10474"},{"taxonomy":"post_tag","embeddable":true,"href":"https:\/\/bc-cl.ca\/fr\/wp-json\/wp\/v2\/tags?post=10474"}],"curies":[{"name":"wp","href":"https:\/\/api.w.org\/{rel}","templated":true}]}}